{"id":115656,"date":"2025-08-12T12:28:05","date_gmt":"2025-08-12T15:28:05","guid":{"rendered":"https:\/\/www.pensarcursos.com.br\/blog\/?p=115656"},"modified":"2025-08-12T13:33:51","modified_gmt":"2025-08-12T16:33:51","slug":"processo-seletivo-do-ibge-sao-9-580-vagas-de-nivel-medio","status":"publish","type":"post","link":"https:\/\/www.pensarcursos.com.br\/blog\/processo-seletivo-do-ibge-sao-9-580-vagas-de-nivel-medio\/","title":{"rendered":"Processo Seletivo do IBGE: S\u00e3o 9.580 vagas de n\u00edvel m\u00e9dio"},"content":{"rendered":"<p>O processo seletivo do <strong>Instituto Brasileiro de Geografia e Estat\u00edstica (<a href=\"https:\/\/www.ibge.gov.br\/\" target=\"_blank\" rel=\"noopener\">IBGE<\/a>)<\/strong> 2025 est\u00e1 oficialmente autorizado e promete movimentar o cen\u00e1rio dos <a href=\"https:\/\/www.pensarcursos.com.br\/blog\/novidade-concurso-camara-municipal-com-salarios-de-ate-r-59-mil-todos-os-detalhes-aqui\/\" target=\"_blank\" rel=\"noopener\">concursos p\u00fablicos<\/a> neste ano. Com a publica\u00e7\u00e3o da autoriza\u00e7\u00e3o no Di\u00e1rio Oficial da Uni\u00e3o nesta ter\u00e7a-feira, 12 de agosto, a expectativa \u00e9 alta entre quem busca uma oportunidade de emprego tempor\u00e1rio, especialmente para quem possui ensino m\u00e9dio completo.<\/p>\n<p>S\u00e3o <strong>9.580 vagas<\/strong> distribu\u00eddas em todo o Brasil, com sal\u00e1rios de <strong>R$ 3 mil<\/strong>. Se voc\u00ea est\u00e1 ansioso para saber como participar, quais cargos est\u00e3o dispon\u00edveis e como garantir sua inscri\u00e7\u00e3o, continue lendo e descubra tudo o que precisa para n\u00e3o perder essa chance!<\/p>\n<h2>Resumo do processo seletivo do IBGE 2025<\/h2>\n<ul>\n<li><strong>Total de vagas:<\/strong> 9.580<\/li>\n<li><strong>N\u00edvel de escolaridade:<\/strong> M\u00e9dio<\/li>\n<li><strong>Cargos:<\/strong>\n<ul>\n<li>Agente de Pesquisas e Mapeamento (8.480 vagas)<\/li>\n<li>Supervisor de Coleta e Qualidade (1.100 vagas)<\/li>\n<\/ul>\n<\/li>\n<li><strong>Banca organizadora:<\/strong> Funda\u00e7\u00e3o Getulio Vargas (<a href=\"https:\/\/portal.fgv.br\/\" target=\"_blank\" rel=\"noopener\">FGV<\/a>)<\/li>\n<li><strong>Provas:<\/strong> Objetivas, com 60 quest\u00f5es de m\u00faltipla escolha<\/li>\n<li><strong>Locais de prova:<\/strong> Cerca de 530 munic\u00edpios<\/li>\n<li><strong>Vig\u00eancia:<\/strong> Contrato tempor\u00e1rio<\/li>\n<\/ul>\n<p><a href=\"https:\/\/www.pensarcursos.com.br\/blog\/wp-content\/uploads\/2025\/08\/portaria-concurso-ibge.pdf\" target=\"_blank\" rel=\"noopener\">Confira a portaria na \u00edntegra aqui!<\/a><\/p>\n<h2>O que torna o processo seletivo do IBGE t\u00e3o esperado?<\/h2>\n<p>O <a href=\"https:\/\/www.pensarcursos.com.br\/blog\/novidade-no-processo-seletivo-da-guarda-municipal-com-salarios-de-r-13-mil\/\" target=\"_blank\" rel=\"noopener\">processo seletivo<\/a> \u00e9 uma das principais portas de entrada para quem deseja trabalhar em um \u00f3rg\u00e3o federal, mesmo que de forma tempor\u00e1ria. O IBGE \u00e9 respons\u00e1vel por pesquisas fundamentais para o pa\u00eds, como o Censo Demogr\u00e1fico e levantamentos econ\u00f4micos e sociais. Por isso, a cada novo edital, milhares de candidatos se mobilizam para garantir uma das vagas.<\/p>\n<p>Al\u00e9m da estabilidade durante o contrato, os sal\u00e1rios e benef\u00edcios costumam ser altos, tornando o concurso do IBGE uma excelente op\u00e7\u00e3o para quem busca experi\u00eancia no servi\u00e7o p\u00fablico.<\/p>\n<h2>Quais s\u00e3o os cargos e suas atribui\u00e7\u00f5es?<\/h2>\n<h3>Agente de Pesquisas e Mapeamento (APM)<\/h3>\n<ul>\n<li>Fazer visitas domiciliares e a estabelecimentos para levantamento de dados estat\u00edsticos<\/li>\n<li>Realizar entrevistas presenciais ou por telefone<\/li>\n<li>Registrar dados em question\u00e1rios impressos ou eletr\u00f4nicos<\/li>\n<li>Transmitir informa\u00e7\u00f5es coletadas ao superior<\/li>\n<\/ul>\n<h3>Supervisor de Coleta e Qualidade (SCQ)<\/h3>\n<ul>\n<li>Organizar e planejar atividades de coleta de dados<\/li>\n<li>Gerenciar equipes e acompanhar a qualidade das informa\u00e7\u00f5es<\/li>\n<li>Elaborar relat\u00f3rios e contribuir no planejamento das pesquisas<\/li>\n<li>Realizar avalia\u00e7\u00f5es t\u00e9cnicas dos question\u00e1rios coletados<\/li>\n<\/ul>\n<figure id=\"attachment_115664\" aria-describedby=\"caption-attachment-115664\" style=\"width: 1170px\" class=\"wp-caption aligncenter\"><img decoding=\"async\" class=\"size-full wp-image-115664\" title=\"Processo Seletivo IBGE 2025\" src=\"https:\/\/www.pensarcursos.com.br\/blog\/wp-content\/uploads\/2025\/08\/processo-seletivo-ibge.webp\" alt=\"Agentes do IBGE realizando coleta de informa\u00e7\u00f5es em \u00e1rea urbana\" width=\"1170\" height=\"700\" srcset=\"https:\/\/www.pensarcursos.com.br\/blog\/wp-content\/uploads\/2025\/08\/processo-seletivo-ibge.webp 1170w, https:\/\/www.pensarcursos.com.br\/blog\/wp-content\/uploads\/2025\/08\/processo-seletivo-ibge-300x179.webp 300w, https:\/\/www.pensarcursos.com.br\/blog\/wp-content\/uploads\/2025\/08\/processo-seletivo-ibge-1024x613.webp 1024w, https:\/\/www.pensarcursos.com.br\/blog\/wp-content\/uploads\/2025\/08\/processo-seletivo-ibge-768x459.webp 768w\" sizes=\"(max-width: 1170px) 100vw, 1170px\" \/><figcaption id=\"caption-attachment-115664\" class=\"wp-caption-text\">O edital do IBGE tem previs\u00e3o de publica\u00e7\u00e3o at\u00e9 fevereiro de 2026; fique atento \u00e0s atualiza\u00e7\u00f5es.<br \/>Imagem: Ag\u00eancia Brasil<\/figcaption><\/figure>\n<div class=\"mceTemp\"><\/div>\n<h2>Como ser\u00e1 a prova do processo seletivo do IBGE?<\/h2>\n<p>Os candidatos enfrentar\u00e3o uma <strong>prova objetiva<\/strong> com dura\u00e7\u00e3o de 4 horas, composta por <strong>60 quest\u00f5es<\/strong> de m\u00faltipla escolha, com cinco alternativas cada. Apenas uma resposta ser\u00e1 considerada correta. As provas ser\u00e3o aplicadas em todos os munic\u00edpios com vagas dispon\u00edveis, facilitando o acesso dos candidatos de diferentes regi\u00f5es.<\/p>\n<h2>Passo a passo para inscri\u00e7\u00e3o<\/h2>\n<ol>\n<li>Ap\u00f3s a publica\u00e7\u00e3o do edital, acesse o site oficial da banca organizadora;<\/li>\n<li>Leia atentamente o edital para conferir requisitos, datas e documentos necess\u00e1rios;<\/li>\n<li>Preencha o formul\u00e1rio de inscri\u00e7\u00e3o online;<\/li>\n<li>Pague a taxa de inscri\u00e7\u00e3o dentro do prazo estipulado;<\/li>\n<li>Acompanhe a confirma\u00e7\u00e3o da inscri\u00e7\u00e3o e as pr\u00f3ximas etapas pelo site da banca organizadora contratada.<\/li>\n<\/ol>\n<h2>O que esperar do processo seletivo do IBGE em 2025?<\/h2>\n<p>Com a banca definida e a autoriza\u00e7\u00e3o publicada, o processo seletivo do IBGE 2025 promete ser um dos mais concorridos do ano. A expectativa \u00e9 de grande procura, especialmente pela quantidade de vagas e pela possibilidade de atua\u00e7\u00e3o em diversas regi\u00f5es do pa\u00eds. Se voc\u00ea est\u00e1 em busca de uma oportunidade para ingressar no servi\u00e7o p\u00fablico, este pode ser o momento ideal para come\u00e7ar a se preparar e garantir sua vaga.<\/p>\n<p>Fique atento \u00e0s atualiza\u00e7\u00f5es e n\u00e3o perca nenhuma novidade sobre o concurso. Aproveite para conferir outros conte\u00fados sobre concursos p\u00fablicos e dicas de prepara\u00e7\u00e3o para provas na p\u00e1gina inicial do <a href=\"https:\/\/www.pensarcursos.com.br\/blog\/\" target=\"_blank\" rel=\"noopener\">Pensar Cursos<\/a>.<\/p>\n<h2>Perguntas frequentes<\/h2>\n<ul>\n<li><strong>Quando ser\u00e1 divulgado o edital do IBGE 2025?<\/strong> A previs\u00e3o \u00e9 que o edital seja publicado at\u00e9 fevereiro de 2026, ap\u00f3s a contrata\u00e7\u00e3o oficial da FGV.<\/li>\n<li><strong>H\u00e1 reserva de vagas para pessoas com defici\u00eancia?<\/strong> Sim, conforme legisla\u00e7\u00e3o vigente.<\/li>\n<li><strong>O que cai na prova do IBGE?<\/strong> Conte\u00fados de L\u00edngua Portuguesa, Matem\u00e1tica, Racioc\u00ednio L\u00f3gico e Conhecimentos Gerais.<\/li>\n<li><strong>Qual a dura\u00e7\u00e3o do contrato tempor\u00e1rio?<\/strong> A dura\u00e7\u00e3o ser\u00e1 definida no edital, podendo variar conforme a necessidade do IBGE.<\/li>\n<li><strong>\u00c9 poss\u00edvel pedir isen\u00e7\u00e3o da taxa de inscri\u00e7\u00e3o?<\/strong> Sim, para candidatos que se enquadrem nos crit\u00e9rios previstos em edital.<\/li>\n<li><strong>Posso trabalhar em outro estado?<\/strong> Sim, desde que haja vagas dispon\u00edveis e voc\u00ea escolha o local no momento da inscri\u00e7\u00e3o.<\/li>\n<li><strong>O processo seletivo do IBGE conta como experi\u00eancia profissional?<\/strong> Sim, pode ser inclu\u00eddo no curr\u00edculo como experi\u00eancia tempor\u00e1ria em \u00f3rg\u00e3o federal.<\/li>\n<\/ul>\n","protected":false},"excerpt":{"rendered":"<p>O processo seletivo do Instituto Brasileiro de Geografia e Estat\u00edstica (IBGE) 2025 est\u00e1 oficialmente autorizado e promete movimentar o cen\u00e1rio dos concursos p\u00fablicos neste ano. Com a publica\u00e7\u00e3o da autoriza\u00e7\u00e3o no Di\u00e1rio Oficial da Uni\u00e3o nesta ter\u00e7a-feira, 12 de agosto, a expectativa \u00e9 alta entre quem busca uma oportunidade de emprego tempor\u00e1rio, especialmente para quem [&hellip;]<\/p>\n","protected":false},"author":49,"featured_media":115660,"comment_status":"open","ping_status":"closed","sticky":false,"template":"","format":"standard","meta":{"jnews-multi-image_gallery":[],"jnews_single_post":[],"jnews_primary_category":[],"jnews_social_meta":[],"jnews_override_counter":[],"footnotes":""},"categories":[29],"tags":[31857,31855,23805,31858,31856],"class_list":["post-115656","post","type-post","status-publish","format-standard","has-post-thumbnail","hentry","category-concursos","tag-inscricao-ibge","tag-processo-seletivo-ibge-2025","tag-processo-seletivo-nivel-medio","tag-salario-ibge","tag-vagas-ibge"],"yoast_head":"<!-- This site is optimized with the Yoast SEO Premium plugin v27.4 (Yoast SEO v27.4) - https:\/\/yoast.com\/product\/yoast-seo-premium-wordpress\/ -->\n<title>Processo Seletivo do IBGE: S\u00e3o 9.580 vagas de n\u00edvel m\u00e9dio - Blog Pensar Cursos<\/title>\n<meta name=\"description\" content=\"Descubra tudo sobre o processo seletivo do IBGE 2025: 9.580 vagas de n\u00edvel m\u00e9dio, cargos, inscri\u00e7\u00f5es e provas.\" \/>\n<meta name=\"robots\" content=\"index, follow, max-snippet:-1, max-image-preview:large, max-video-preview:-1\" \/>\n<link rel=\"canonical\" href=\"https:\/\/www.pensarcursos.com.br\/blog\/processo-seletivo-do-ibge-sao-9-580-vagas-de-nivel-medio\/\" \/>\n<meta property=\"og:locale\" content=\"pt_BR\" \/>\n<meta property=\"og:type\" content=\"article\" \/>\n<meta property=\"og:title\" content=\"Processo Seletivo do IBGE: S\u00e3o 9.580 vagas de n\u00edvel m\u00e9dio\" \/>\n<meta property=\"og:description\" content=\"Descubra tudo sobre o processo seletivo do IBGE 2025: 9.580 vagas de n\u00edvel m\u00e9dio, cargos, inscri\u00e7\u00f5es e provas.\" \/>\n<meta property=\"og:url\" content=\"https:\/\/www.pensarcursos.com.br\/blog\/processo-seletivo-do-ibge-sao-9-580-vagas-de-nivel-medio\/\" \/>\n<meta property=\"og:site_name\" content=\"Blog Pensar Cursos\" \/>\n<meta property=\"article:publisher\" content=\"https:\/\/www.facebook.com\/pensarcursos\/\" \/>\n<meta property=\"article:published_time\" content=\"2025-08-12T15:28:05+00:00\" \/>\n<meta property=\"article:modified_time\" content=\"2025-08-12T16:33:51+00:00\" \/>\n<meta property=\"og:image\" content=\"https:\/\/www.pensarcursos.com.br\/blog\/wp-content\/uploads\/2025\/08\/agente-ibge-coleta-externa.webp\" \/>\n\t<meta property=\"og:image:width\" content=\"1200\" \/>\n\t<meta property=\"og:image:height\" content=\"717\" \/>\n\t<meta property=\"og:image:type\" content=\"image\/webp\" \/>\n<meta name=\"author\" content=\"Gabriela Machado\" \/>\n<meta name=\"twitter:card\" content=\"summary_large_image\" \/>\n<meta name=\"twitter:label1\" content=\"Escrito por\" \/>\n\t<meta name=\"twitter:data1\" content=\"Gabriela Machado\" \/>\n\t<meta name=\"twitter:label2\" content=\"Est. tempo de leitura\" \/>\n\t<meta name=\"twitter:data2\" content=\"5 minutos\" \/>\n<!-- \/ Yoast SEO Premium plugin. -->","yoast_head_json":{"title":"Processo Seletivo do IBGE: S\u00e3o 9.580 vagas de n\u00edvel m\u00e9dio - Blog Pensar Cursos","description":"Descubra tudo sobre o processo seletivo do IBGE 2025: 9.580 vagas de n\u00edvel m\u00e9dio, cargos, inscri\u00e7\u00f5es e provas.","robots":{"index":"index","follow":"follow","max-snippet":"max-snippet:-1","max-image-preview":"max-image-preview:large","max-video-preview":"max-video-preview:-1"},"canonical":"https:\/\/www.pensarcursos.com.br\/blog\/processo-seletivo-do-ibge-sao-9-580-vagas-de-nivel-medio\/","og_locale":"pt_BR","og_type":"article","og_title":"Processo Seletivo do IBGE: S\u00e3o 9.580 vagas de n\u00edvel m\u00e9dio","og_description":"Descubra tudo sobre o processo seletivo do IBGE 2025: 9.580 vagas de n\u00edvel m\u00e9dio, cargos, inscri\u00e7\u00f5es e provas.","og_url":"https:\/\/www.pensarcursos.com.br\/blog\/processo-seletivo-do-ibge-sao-9-580-vagas-de-nivel-medio\/","og_site_name":"Blog Pensar Cursos","article_publisher":"https:\/\/www.facebook.com\/pensarcursos\/","article_published_time":"2025-08-12T15:28:05+00:00","article_modified_time":"2025-08-12T16:33:51+00:00","og_image":[{"width":1200,"height":717,"url":"https:\/\/www.pensarcursos.com.br\/blog\/wp-content\/uploads\/2025\/08\/agente-ibge-coleta-externa.webp","type":"image\/webp"}],"author":"Gabriela Machado","twitter_card":"summary_large_image","twitter_misc":{"Escrito por":"Gabriela Machado","Est. tempo de leitura":"5 minutos"},"schema":{"@context":"https:\/\/schema.org","@graph":[{"@type":["Article","BlogPosting"],"@id":"https:\/\/www.pensarcursos.com.br\/blog\/processo-seletivo-do-ibge-sao-9-580-vagas-de-nivel-medio\/#article","isPartOf":{"@id":"https:\/\/www.pensarcursos.com.br\/blog\/processo-seletivo-do-ibge-sao-9-580-vagas-de-nivel-medio\/"},"author":{"name":"Gabriela Machado","@id":"https:\/\/www.pensarcursos.com.br\/blog\/#\/schema\/person\/134389a33d69ddd7e127fac02bd155fa"},"headline":"Processo Seletivo do IBGE: S\u00e3o 9.580 vagas de n\u00edvel m\u00e9dio","datePublished":"2025-08-12T15:28:05+00:00","dateModified":"2025-08-12T16:33:51+00:00","mainEntityOfPage":{"@id":"https:\/\/www.pensarcursos.com.br\/blog\/processo-seletivo-do-ibge-sao-9-580-vagas-de-nivel-medio\/"},"wordCount":825,"commentCount":0,"publisher":{"@id":"https:\/\/www.pensarcursos.com.br\/blog\/#organization"},"image":{"@id":"https:\/\/www.pensarcursos.com.br\/blog\/processo-seletivo-do-ibge-sao-9-580-vagas-de-nivel-medio\/#primaryimage"},"thumbnailUrl":"https:\/\/www.pensarcursos.com.br\/blog\/wp-content\/uploads\/2025\/08\/agente-ibge-coleta-externa.webp","keywords":["inscri\u00e7\u00e3o IBGE","processo seletivo IBGE 2025","processo seletivo n\u00edvel m\u00e9dio","sal\u00e1rio IBGE","vagas IBGE"],"articleSection":["Concursos P\u00fablicos"],"inLanguage":"pt-BR","potentialAction":[{"@type":"CommentAction","name":"Comment","target":["https:\/\/www.pensarcursos.com.br\/blog\/processo-seletivo-do-ibge-sao-9-580-vagas-de-nivel-medio\/#respond"]}],"copyrightYear":"2025","copyrightHolder":{"@id":"https:\/\/www.pensarcursos.com.br\/blog\/#organization"}},{"@type":"WebPage","@id":"https:\/\/www.pensarcursos.com.br\/blog\/processo-seletivo-do-ibge-sao-9-580-vagas-de-nivel-medio\/","url":"https:\/\/www.pensarcursos.com.br\/blog\/processo-seletivo-do-ibge-sao-9-580-vagas-de-nivel-medio\/","name":"Processo Seletivo do IBGE: S\u00e3o 9.580 vagas de n\u00edvel m\u00e9dio - Blog Pensar Cursos","isPartOf":{"@id":"https:\/\/www.pensarcursos.com.br\/blog\/#website"},"primaryImageOfPage":{"@id":"https:\/\/www.pensarcursos.com.br\/blog\/processo-seletivo-do-ibge-sao-9-580-vagas-de-nivel-medio\/#primaryimage"},"image":{"@id":"https:\/\/www.pensarcursos.com.br\/blog\/processo-seletivo-do-ibge-sao-9-580-vagas-de-nivel-medio\/#primaryimage"},"thumbnailUrl":"https:\/\/www.pensarcursos.com.br\/blog\/wp-content\/uploads\/2025\/08\/agente-ibge-coleta-externa.webp","datePublished":"2025-08-12T15:28:05+00:00","dateModified":"2025-08-12T16:33:51+00:00","description":"Descubra tudo sobre o processo seletivo do IBGE 2025: 9.580 vagas de n\u00edvel m\u00e9dio, cargos, inscri\u00e7\u00f5es e provas.","breadcrumb":{"@id":"https:\/\/www.pensarcursos.com.br\/blog\/processo-seletivo-do-ibge-sao-9-580-vagas-de-nivel-medio\/#breadcrumb"},"inLanguage":"pt-BR","potentialAction":[{"@type":"ReadAction","target":["https:\/\/www.pensarcursos.com.br\/blog\/processo-seletivo-do-ibge-sao-9-580-vagas-de-nivel-medio\/"]}]},{"@type":"ImageObject","inLanguage":"pt-BR","@id":"https:\/\/www.pensarcursos.com.br\/blog\/processo-seletivo-do-ibge-sao-9-580-vagas-de-nivel-medio\/#primaryimage","url":"https:\/\/www.pensarcursos.com.br\/blog\/wp-content\/uploads\/2025\/08\/agente-ibge-coleta-externa.webp","contentUrl":"https:\/\/www.pensarcursos.com.br\/blog\/wp-content\/uploads\/2025\/08\/agente-ibge-coleta-externa.webp","width":1200,"height":717,"caption":"Tudo sobre o Processo Seletivo do IBGE 2025. Imagem: Prefeitura Municipal de Jo\u00e3o Monlevade"},{"@type":"BreadcrumbList","@id":"https:\/\/www.pensarcursos.com.br\/blog\/processo-seletivo-do-ibge-sao-9-580-vagas-de-nivel-medio\/#breadcrumb","itemListElement":[{"@type":"ListItem","position":1,"name":"Home","item":"https:\/\/www.pensarcursos.com.br\/blog\/"},{"@type":"ListItem","position":2,"name":"Processo Seletivo do IBGE: S\u00e3o 9.580 vagas de n\u00edvel m\u00e9dio"}]},{"@type":"WebSite","@id":"https:\/\/www.pensarcursos.com.br\/blog\/#website","url":"https:\/\/www.pensarcursos.com.br\/blog\/","name":"Blog Pensar Cursos","description":"Maior Site de Cursos do Brasil","publisher":{"@id":"https:\/\/www.pensarcursos.com.br\/blog\/#organization"},"alternateName":"Blog Pensar","potentialAction":[{"@type":"SearchAction","target":{"@type":"EntryPoint","urlTemplate":"https:\/\/www.pensarcursos.com.br\/blog\/?s={search_term_string}"},"query-input":{"@type":"PropertyValueSpecification","valueRequired":true,"valueName":"search_term_string"}}],"inLanguage":"pt-BR"},{"@type":"Organization","@id":"https:\/\/www.pensarcursos.com.br\/blog\/#organization","name":"Pensar Cursos","alternateName":"Blog pensar","url":"https:\/\/www.pensarcursos.com.br\/blog\/","logo":{"@type":"ImageObject","inLanguage":"pt-BR","@id":"https:\/\/www.pensarcursos.com.br\/blog\/#\/schema\/logo\/image\/","url":"https:\/\/www.pensarcursos.com.br\/blog\/wp-content\/uploads\/2023\/11\/Nova-Logo-Pensar-Cursos-vertical.png","contentUrl":"https:\/\/www.pensarcursos.com.br\/blog\/wp-content\/uploads\/2023\/11\/Nova-Logo-Pensar-Cursos-vertical.png","width":1393,"height":1001,"caption":"Pensar Cursos"},"image":{"@id":"https:\/\/www.pensarcursos.com.br\/blog\/#\/schema\/logo\/image\/"},"sameAs":["https:\/\/www.facebook.com\/pensarcursos\/","https:\/\/instagram.com.br\/pensarcursos"],"description":"Pensar Cursos \u00e9 uma empresa especializada em oferecer cursos de alta qualidade voltados para o desenvolvimento profissional e acad\u00eamico. Com uma ampla gama de op\u00e7\u00f5es de treinamento, oferecemos conte\u00fados atualizados, ministrados por especialistas da \u00e1rea, para capacitar indiv\u00edduos e equipes a atingirem seus objetivos. Nossa miss\u00e3o \u00e9 proporcionar uma educa\u00e7\u00e3o transformadora, acess\u00edvel e personalizada para cada aluno, seja em cursos presenciais ou online. Com uma abordagem inovadora, buscamos adaptar os nossos programas de ensino \u00e0s necessidades do mercado, criando solu\u00e7\u00f5es que atendem aos desafios e exig\u00eancias do mundo corporativo e acad\u00eamico. Nossos cursos incluem desde forma\u00e7\u00f5es t\u00e9cnicas at\u00e9 habilidades essenciais, como lideran\u00e7a, gest\u00e3o e desenvolvimento pessoal.","email":"contato@pensarcursos.com.br","legalName":"Sena Servi\u00e7os de Informa\u00e7\u00e3o Online LTDA","foundingDate":"2013-04-18","vatID":"17956217000172","numberOfEmployees":{"@type":"QuantitativeValue","minValue":"11","maxValue":"50"},"publishingPrinciples":"https:\/\/www.pensarcursos.com.br\/blog\/principios-de-publicacao\/","ownershipFundingInfo":"https:\/\/www.pensarcursos.com.br\/blog\/informacoes-de-propriedade-financiamento\/","actionableFeedbackPolicy":"https:\/\/www.pensarcursos.com.br\/blog\/politica-de-feedback-acionavel\/","correctionsPolicy":"https:\/\/www.pensarcursos.com.br\/blog\/politica-de-correcoes\/","ethicsPolicy":"https:\/\/www.pensarcursos.com.br\/blog\/politica-de-etica\/"},{"@type":"Person","@id":"https:\/\/www.pensarcursos.com.br\/blog\/#\/schema\/person\/134389a33d69ddd7e127fac02bd155fa","name":"Gabriela Machado","image":{"@type":"ImageObject","inLanguage":"pt-BR","@id":"https:\/\/secure.gravatar.com\/avatar\/3c883c65f44a41cb00078efa0c1943783eabec9e96518b4565b28a6f9d027f9b?s=96&d=mm&r=g","url":"https:\/\/secure.gravatar.com\/avatar\/3c883c65f44a41cb00078efa0c1943783eabec9e96518b4565b28a6f9d027f9b?s=96&d=mm&r=g","contentUrl":"https:\/\/secure.gravatar.com\/avatar\/3c883c65f44a41cb00078efa0c1943783eabec9e96518b4565b28a6f9d027f9b?s=96&d=mm&r=g","caption":"Gabriela Machado"},"description":"Graduada em Pedagogia pela UESC(Universidade Estadual de Santa Cruz). Redatora do grupo Sena Online.","sameAs":["https:\/\/www.instagram.com\/gabrielamchs"],"url":"https:\/\/www.pensarcursos.com.br\/blog\/author\/gabriela\/"}]}},"_links":{"self":[{"href":"https:\/\/www.pensarcursos.com.br\/blog\/wp-json\/wp\/v2\/posts\/115656","targetHints":{"allow":["GET"]}}],"collection":[{"href":"https:\/\/www.pensarcursos.com.br\/blog\/wp-json\/wp\/v2\/posts"}],"about":[{"href":"https:\/\/www.pensarcursos.com.br\/blog\/wp-json\/wp\/v2\/types\/post"}],"author":[{"embeddable":true,"href":"https:\/\/www.pensarcursos.com.br\/blog\/wp-json\/wp\/v2\/users\/49"}],"replies":[{"embeddable":true,"href":"https:\/\/www.pensarcursos.com.br\/blog\/wp-json\/wp\/v2\/comments?post=115656"}],"version-history":[{"count":0,"href":"https:\/\/www.pensarcursos.com.br\/blog\/wp-json\/wp\/v2\/posts\/115656\/revisions"}],"wp:featuredmedia":[{"embeddable":true,"href":"https:\/\/www.pensarcursos.com.br\/blog\/wp-json\/wp\/v2\/media\/115660"}],"wp:attachment":[{"href":"https:\/\/www.pensarcursos.com.br\/blog\/wp-json\/wp\/v2\/media?parent=115656"}],"wp:term":[{"taxonomy":"category","embeddable":true,"href":"https:\/\/www.pensarcursos.com.br\/blog\/wp-json\/wp\/v2\/categories?post=115656"},{"taxonomy":"post_tag","embeddable":true,"href":"https:\/\/www.pensarcursos.com.br\/blog\/wp-json\/wp\/v2\/tags?post=115656"}],"curies":[{"name":"wp","href":"https:\/\/api.w.org\/{rel}","templated":true}]}}