{"id":115240,"date":"2025-08-07T14:06:03","date_gmt":"2025-08-07T17:06:03","guid":{"rendered":"https:\/\/www.pensarcursos.com.br\/blog\/?p=115240"},"modified":"2025-08-07T14:23:24","modified_gmt":"2025-08-07T17:23:24","slug":"novidade-no-processo-seletivo-da-guarda-municipal-com-salarios-de-r-13-mil","status":"publish","type":"post","link":"https:\/\/www.pensarcursos.com.br\/blog\/novidade-no-processo-seletivo-da-guarda-municipal-com-salarios-de-r-13-mil\/","title":{"rendered":"Novidade no Processo Seletivo da Guarda Municipal com sal\u00e1rios de R$ 13 mil"},"content":{"rendered":"<p>O <strong>processo seletivo da Guarda Municipal<\/strong> est\u00e1 movimentando milhares de candidatos em busca de uma oportunidade \u00fanica: <strong>sal\u00e1rios de at\u00e9 R$ 13 mil<\/strong> e a chance de atuar diretamente na seguran\u00e7a das ruas. Com um novo formato, o processo promete ser um divisor de \u00e1guas para quem sonha em ingressar na For\u00e7a Municipal de Seguran\u00e7a.<\/p>\n<p>O clima \u00e9 de expectativa, ansiedade e esperan\u00e7a, j\u00e1 que a sele\u00e7\u00e3o traz etapas rigorosas e novidades que est\u00e3o dando o que falar. Se voc\u00ea est\u00e1 de olho nessa oportunidade, continue lendo para descobrir tudo sobre o edital, as etapas, os desafios e as perspectivas para os pr\u00f3ximos anos.<\/p>\n<h2>Como funciona o novo processo seletivo da Guarda Municipal?<\/h2>\n<p>O processo seletivo para a <a href=\"https:\/\/www.pensarcursos.com.br\/blog\/atencao-4-concursos-para-guarda-municipal-em-sao-paulo-estao-com-inscricoes-abertas-salarios-ultrapassam-r-6-mil\/\" target=\"_blank\" rel=\"noopener\">Guarda Municipal<\/a> foi reformulado para garantir que apenas os mais preparados cheguem \u00e0 etapa final. A sele\u00e7\u00e3o come\u00e7a com um teste de aptid\u00e3o f\u00edsica, seguido por exames toxicol\u00f3gicos, avalia\u00e7\u00e3o psicol\u00f3gica e investiga\u00e7\u00e3o social. O objetivo \u00e9 montar uma equipe de elite, pronta para atuar no combate a roubos e furtos nas ruas.<\/p>\n<p>Na primeira fase, <strong>900 candidatos participaram do teste f\u00edsico<\/strong>, mas apenas 393 foram considerados aptos. Isso mostra o n\u00edvel de exig\u00eancia e a import\u00e2ncia de estar bem preparado. O cronograma segue firme, com o curso de forma\u00e7\u00e3o previsto para iniciar em setembro, totalizando pelo menos 440 horas-aula.<\/p>\n<h2>Etapas do processo seletivo: o que esperar?<\/h2>\n<h3>Teste de aptid\u00e3o f\u00edsica: desafio para muitos<\/h3>\n<p>O teste f\u00edsico \u00e9 inspirado nos crit\u00e9rios da Pol\u00edcia Militar, exigindo dos candidatos:<\/p>\n<ul>\n<li><strong>Homens<\/strong>: 3 flex\u00f5es de bra\u00e7o na barra fixa em at\u00e9 1 minuto, 36 abdominais em at\u00e9 1 minuto, corrida de 2,4 km em at\u00e9 12 minutos.<\/li>\n<li><strong>Mulheres<\/strong>: suspens\u00e3o na barra fixa por 8 segundos, 26 abdominais em at\u00e9 1 minuto, corrida de 2 km em at\u00e9 12 minutos.<\/li>\n<\/ul>\n<p>Apesar do alto \u00edndice de reprova\u00e7\u00e3o, a prefeitura mant\u00e9m o cronograma e refor\u00e7a a import\u00e2ncia da prepara\u00e7\u00e3o f\u00edsica.<\/p>\n<h3>Exames toxicol\u00f3gicos, psicol\u00f3gicos e investiga\u00e7\u00e3o social<\/h3>\n<p>Ap\u00f3s o teste f\u00edsico, os aprovados passam por exames toxicol\u00f3gicos, avalia\u00e7\u00e3o psicol\u00f3gica e investiga\u00e7\u00e3o social. Essas etapas garantem que apenas candidatos aptos em todos os aspectos avancem para o curso de forma\u00e7\u00e3o.<\/p>\n<h2>Sal\u00e1rio da Guarda Municipal: o que esperar dos vencimentos?<\/h2>\n<p>A nova estrutura da For\u00e7a Municipal permitir\u00e1 a contrata\u00e7\u00e3o tempor\u00e1ria de agentes por at\u00e9 um ano, com possibilidade de prorroga\u00e7\u00e3o por at\u00e9 cinco vezes. O sal\u00e1rio previsto para os profissionais que integrar\u00e3o o grupamento armado \u00e9 de <strong>R$ 13.033,00<\/strong>.<\/p>\n<p>Uma das emendas aprovadas estabelece que a composi\u00e7\u00e3o da Divis\u00e3o de Elite ser\u00e1, preferencialmente, formada por guardas municipais selecionados internamente. Enquanto estiverem atuando nessa unidade especial da <a href=\"https:\/\/guardamunicipal.prefeitura.rio\/\" target=\"_blank\" rel=\"noopener\">GM-Rio<\/a>, os agentes tamb\u00e9m ter\u00e3o direito a uma gratifica\u00e7\u00e3o de <strong>R$ 10.283,48<\/strong> pelo porte de arma de fogo.<\/p>\n<h2>Edital da Guarda Municipal: principais pontos e cr\u00edticas<\/h2>\n<p>O <a href=\"https:\/\/www.pensarcursos.com.br\/blog\/wp-content\/uploads\/2025\/08\/edital-gcm-rj.pdf\" target=\"_blank\" rel=\"noopener\">edital<\/a> da Guarda Municipal do Rio de Janeiro trouxe novidades, mas tamb\u00e9m gerou cr\u00edticas. Representantes da categoria apontam que as exig\u00eancias f\u00edsicas n\u00e3o consideram a idade e as condi\u00e7\u00f5es de sa\u00fade dos atuais servidores. Para muitos, a solu\u00e7\u00e3o seria a abertura de um novo <a href=\"https:\/\/www.pensarcursos.com.br\/blog\/8-concursos-da-guarda-municipal-com-inscricoes-abertas-em-agosto-salarios-de-ate-r-66-mil\/\" target=\"_blank\" rel=\"noopener\">concurso p\u00fablico<\/a>, renovando o quadro e trazendo novos servidores para a institui\u00e7\u00e3o.<\/p>\n<figure id=\"attachment_115246\" aria-describedby=\"caption-attachment-115246\" style=\"width: 2048px\" class=\"wp-caption aligncenter\"><img decoding=\"async\" class=\"size-full wp-image-115246\" title=\"Guarda Municipal\" src=\"https:\/\/www.pensarcursos.com.br\/blog\/wp-content\/uploads\/2025\/08\/operacao-da-guarda-municipal-em-area-urbana.jpeg\" alt=\"Guardas municipais do grupamento t\u00e1tico em patrulhamento na cidade.\" width=\"2048\" height=\"856\" srcset=\"https:\/\/www.pensarcursos.com.br\/blog\/wp-content\/uploads\/2025\/08\/operacao-da-guarda-municipal-em-area-urbana.jpeg 2048w, https:\/\/www.pensarcursos.com.br\/blog\/wp-content\/uploads\/2025\/08\/operacao-da-guarda-municipal-em-area-urbana-300x125.jpeg 300w, https:\/\/www.pensarcursos.com.br\/blog\/wp-content\/uploads\/2025\/08\/operacao-da-guarda-municipal-em-area-urbana-1024x428.jpeg 1024w, https:\/\/www.pensarcursos.com.br\/blog\/wp-content\/uploads\/2025\/08\/operacao-da-guarda-municipal-em-area-urbana-768x321.jpeg 768w, https:\/\/www.pensarcursos.com.br\/blog\/wp-content\/uploads\/2025\/08\/operacao-da-guarda-municipal-em-area-urbana-1536x642.jpeg 1536w\" sizes=\"(max-width: 2048px) 100vw, 2048px\" \/><figcaption id=\"caption-attachment-115246\" class=\"wp-caption-text\">Novo processo seletivo da Guarda Municipal oferece sal\u00e1rios de at\u00e9 R$ 13 mil.<br \/>Imagem: Prefeitura do Rio de Janeiro<\/figcaption><\/figure>\n<p>Apesar das cr\u00edticas, o edital segue em vigor e o processo seletivo avan\u00e7a. A expectativa \u00e9 que os primeiros 660 agentes estejam nas ruas j\u00e1 no in\u00edcio do pr\u00f3ximo ano, refor\u00e7ando a seguran\u00e7a e trazendo mais tranquilidade para a popula\u00e7\u00e3o.<\/p>\n<h2>Perspectivas para a carreira na Guarda Municipal<\/h2>\n<p>Com a previs\u00e3o de novas turmas e a amplia\u00e7\u00e3o do efetivo at\u00e9 2028, as oportunidades para quem deseja ingressar na Guarda Municipal s\u00e3o promissoras. O curso de forma\u00e7\u00e3o, com in\u00edcio em setembro, promete qualificar ainda mais os agentes, preparando-os para os desafios do dia a dia.<\/p>\n<p>Fique por dentro das melhores oportunidades na seguran\u00e7a p\u00fablica acessando o portal <a href=\"https:\/\/www.pensarcursos.com.br\/blog\/\" target=\"_blank\" rel=\"noopener\"><em>Pensar Cursos<\/em><\/a>.<\/p>\n<h2>Perguntas frequentes<\/h2>\n<ul>\n<li><strong>O sal\u00e1rio de R$ 13 mil \u00e9 para todos os cargos?<\/strong> O valor pode variar conforme o cargo e as gratifica\u00e7\u00f5es, mas o teto anunciado \u00e9 de R$ 13 mil.<\/li>\n<li><strong>O que acontece ap\u00f3s a aprova\u00e7\u00e3o no teste f\u00edsico?<\/strong> O candidato passa por exames toxicol\u00f3gicos, avalia\u00e7\u00e3o psicol\u00f3gica e investiga\u00e7\u00e3o social.<\/li>\n<li><strong>H\u00e1 previs\u00e3o de novos concursos para a Guarda Municipal?<\/strong> A categoria reivindica novos concursos, mas o atual processo prioriza servidores j\u00e1 ativos.<\/li>\n<li><strong>O curso de forma\u00e7\u00e3o \u00e9 obrigat\u00f3rio?<\/strong> Sim, todos os aprovados devem participar do curso de forma\u00e7\u00e3o com carga m\u00ednima de 440 horas-aula.<\/li>\n<li><strong>Quais s\u00e3o os principais desafios do processo seletivo?<\/strong> O teste f\u00edsico e a avalia\u00e7\u00e3o psicol\u00f3gica s\u00e3o considerados as etapas mais desafiadoras.<\/li>\n<li><strong>\u00c9 poss\u00edvel recorrer em caso de reprova\u00e7\u00e3o?<\/strong> O edital prev\u00ea recursos em algumas etapas, conforme as regras estabelecidas.<\/li>\n<li><strong>O processo seletivo \u00e9 aberto para candidatos de fora da Guarda Municipal?<\/strong> Inicialmente, apenas servidores da Guarda participam, mas h\u00e1 previs\u00e3o de vagas tempor\u00e1rias para novos candidatos.<\/li>\n<\/ul>\n<h4 align=\"center\"><strong>Confira as melhores estrat\u00e9gias para conquistar sua vaga na Guarda Municipal!<\/strong><\/h4>\n<div class=\"jeg_video_container jeg_video_content\"><iframe title=\"Como Passar no Concurso da Guarda Municipal em 2025: 4 Estrat\u00e9gias que voc\u00ea vai querer usar!\" width=\"500\" height=\"281\" src=\"https:\/\/www.youtube.com\/embed\/lXuvi5qyFxM?feature=oembed\" frameborder=\"0\" allow=\"accelerometer; autoplay; clipboard-write; encrypted-media; gyroscope; picture-in-picture; web-share\" referrerpolicy=\"strict-origin-when-cross-origin\" allowfullscreen><\/iframe><\/div>\n","protected":false},"excerpt":{"rendered":"<p>O processo seletivo da Guarda Municipal est\u00e1 movimentando milhares de candidatos em busca de uma oportunidade \u00fanica: sal\u00e1rios de at\u00e9 R$ 13 mil e a chance de atuar diretamente na seguran\u00e7a das ruas. Com um novo formato, o processo promete ser um divisor de \u00e1guas para quem sonha em ingressar na For\u00e7a Municipal de Seguran\u00e7a. [&hellip;]<\/p>\n","protected":false},"author":49,"featured_media":115245,"comment_status":"open","ping_status":"closed","sticky":false,"template":"","format":"standard","meta":{"jnews-multi-image_gallery":[],"jnews_single_post":[],"jnews_primary_category":[],"jnews_social_meta":[],"jnews_override_counter":[],"footnotes":""},"categories":[29,17244],"tags":[31732,31730,14068,31731,31733],"class_list":["post-115240","post","type-post","status-publish","format-standard","has-post-thumbnail","hentry","category-concursos","category-guarda-municipal","tag-edital-gcm-rj","tag-gcm-rio-de-janeiro","tag-guarda-municipal","tag-processo-seletivo-guarda-municipal","tag-salario-guarda-municipal-rj"],"yoast_head":"<!-- This site is optimized with the Yoast SEO Premium plugin v27.4 (Yoast SEO v27.4) - https:\/\/yoast.com\/product\/yoast-seo-premium-wordpress\/ -->\n<title>Novidade no Processo Seletivo da Guarda Municipal com sal\u00e1rios de R$ 13 mil - Blog Pensar Cursos<\/title>\n<meta name=\"description\" content=\"O processo seletivo da Guarda Municipal est\u00e1 movimentando milhares de candidatos em busca de uma oportunidade \u00fanica: sal\u00e1rios de at\u00e9 R$ 13 mil e a chance\" \/>\n<meta name=\"robots\" content=\"index, follow, max-snippet:-1, max-image-preview:large, max-video-preview:-1\" \/>\n<link rel=\"canonical\" href=\"https:\/\/www.pensarcursos.com.br\/blog\/novidade-no-processo-seletivo-da-guarda-municipal-com-salarios-de-r-13-mil\/\" \/>\n<meta property=\"og:locale\" content=\"pt_BR\" \/>\n<meta property=\"og:type\" content=\"article\" \/>\n<meta property=\"og:title\" content=\"Novidade no Processo Seletivo da Guarda Municipal com sal\u00e1rios de R$ 13 mil\" \/>\n<meta property=\"og:description\" content=\"O processo seletivo da Guarda Municipal est\u00e1 movimentando milhares de candidatos em busca de uma oportunidade \u00fanica: sal\u00e1rios de at\u00e9 R$ 13 mil e a chance\" \/>\n<meta property=\"og:url\" content=\"https:\/\/www.pensarcursos.com.br\/blog\/novidade-no-processo-seletivo-da-guarda-municipal-com-salarios-de-r-13-mil\/\" \/>\n<meta property=\"og:site_name\" content=\"Blog Pensar Cursos\" \/>\n<meta property=\"article:publisher\" content=\"https:\/\/www.facebook.com\/pensarcursos\/\" \/>\n<meta property=\"article:published_time\" content=\"2025-08-07T17:06:03+00:00\" \/>\n<meta property=\"article:modified_time\" content=\"2025-08-07T17:23:24+00:00\" \/>\n<meta property=\"og:image\" content=\"https:\/\/www.pensarcursos.com.br\/blog\/wp-content\/uploads\/2025\/08\/presenca-da-guarda-municipal-nas-comunidades.jpeg\" \/>\n\t<meta property=\"og:image:width\" content=\"1200\" \/>\n\t<meta property=\"og:image:height\" content=\"768\" \/>\n\t<meta property=\"og:image:type\" content=\"image\/jpeg\" \/>\n<meta name=\"author\" content=\"Gabriela Machado\" \/>\n<meta name=\"twitter:card\" content=\"summary_large_image\" \/>\n<meta name=\"twitter:label1\" content=\"Escrito por\" \/>\n\t<meta name=\"twitter:data1\" content=\"Gabriela Machado\" \/>\n\t<meta name=\"twitter:label2\" content=\"Est. tempo de leitura\" \/>\n\t<meta name=\"twitter:data2\" content=\"4 minutos\" \/>\n<!-- \/ Yoast SEO Premium plugin. -->","yoast_head_json":{"title":"Novidade no Processo Seletivo da Guarda Municipal com sal\u00e1rios de R$ 13 mil - Blog Pensar Cursos","description":"O processo seletivo da Guarda Municipal est\u00e1 movimentando milhares de candidatos em busca de uma oportunidade \u00fanica: sal\u00e1rios de at\u00e9 R$ 13 mil e a chance","robots":{"index":"index","follow":"follow","max-snippet":"max-snippet:-1","max-image-preview":"max-image-preview:large","max-video-preview":"max-video-preview:-1"},"canonical":"https:\/\/www.pensarcursos.com.br\/blog\/novidade-no-processo-seletivo-da-guarda-municipal-com-salarios-de-r-13-mil\/","og_locale":"pt_BR","og_type":"article","og_title":"Novidade no Processo Seletivo da Guarda Municipal com sal\u00e1rios de R$ 13 mil","og_description":"O processo seletivo da Guarda Municipal est\u00e1 movimentando milhares de candidatos em busca de uma oportunidade \u00fanica: sal\u00e1rios de at\u00e9 R$ 13 mil e a chance","og_url":"https:\/\/www.pensarcursos.com.br\/blog\/novidade-no-processo-seletivo-da-guarda-municipal-com-salarios-de-r-13-mil\/","og_site_name":"Blog Pensar Cursos","article_publisher":"https:\/\/www.facebook.com\/pensarcursos\/","article_published_time":"2025-08-07T17:06:03+00:00","article_modified_time":"2025-08-07T17:23:24+00:00","og_image":[{"width":1200,"height":768,"url":"https:\/\/www.pensarcursos.com.br\/blog\/wp-content\/uploads\/2025\/08\/presenca-da-guarda-municipal-nas-comunidades.jpeg","type":"image\/jpeg"}],"author":"Gabriela Machado","twitter_card":"summary_large_image","twitter_misc":{"Escrito por":"Gabriela Machado","Est. tempo de leitura":"4 minutos"},"schema":{"@context":"https:\/\/schema.org","@graph":[{"@type":["Article","BlogPosting"],"@id":"https:\/\/www.pensarcursos.com.br\/blog\/novidade-no-processo-seletivo-da-guarda-municipal-com-salarios-de-r-13-mil\/#article","isPartOf":{"@id":"https:\/\/www.pensarcursos.com.br\/blog\/novidade-no-processo-seletivo-da-guarda-municipal-com-salarios-de-r-13-mil\/"},"author":{"name":"Gabriela Machado","@id":"https:\/\/www.pensarcursos.com.br\/blog\/#\/schema\/person\/134389a33d69ddd7e127fac02bd155fa"},"headline":"Novidade no Processo Seletivo da Guarda Municipal com sal\u00e1rios de R$ 13 mil","datePublished":"2025-08-07T17:06:03+00:00","dateModified":"2025-08-07T17:23:24+00:00","mainEntityOfPage":{"@id":"https:\/\/www.pensarcursos.com.br\/blog\/novidade-no-processo-seletivo-da-guarda-municipal-com-salarios-de-r-13-mil\/"},"wordCount":908,"commentCount":0,"publisher":{"@id":"https:\/\/www.pensarcursos.com.br\/blog\/#organization"},"image":{"@id":"https:\/\/www.pensarcursos.com.br\/blog\/novidade-no-processo-seletivo-da-guarda-municipal-com-salarios-de-r-13-mil\/#primaryimage"},"thumbnailUrl":"https:\/\/www.pensarcursos.com.br\/blog\/wp-content\/uploads\/2025\/08\/presenca-da-guarda-municipal-nas-comunidades.jpeg","keywords":["edital gcm rj","gcm rio de janeiro","GUARDA MUNICIPAL","processo seletivo guarda municipal","sal\u00e1rio guarda municipal rj"],"articleSection":["Concursos P\u00fablicos","Guarda Municipal"],"inLanguage":"pt-BR","potentialAction":[{"@type":"CommentAction","name":"Comment","target":["https:\/\/www.pensarcursos.com.br\/blog\/novidade-no-processo-seletivo-da-guarda-municipal-com-salarios-de-r-13-mil\/#respond"]}],"copyrightYear":"2025","copyrightHolder":{"@id":"https:\/\/www.pensarcursos.com.br\/blog\/#organization"}},{"@type":"WebPage","@id":"https:\/\/www.pensarcursos.com.br\/blog\/novidade-no-processo-seletivo-da-guarda-municipal-com-salarios-de-r-13-mil\/","url":"https:\/\/www.pensarcursos.com.br\/blog\/novidade-no-processo-seletivo-da-guarda-municipal-com-salarios-de-r-13-mil\/","name":"Novidade no Processo Seletivo da Guarda Municipal com sal\u00e1rios de R$ 13 mil - Blog Pensar Cursos","isPartOf":{"@id":"https:\/\/www.pensarcursos.com.br\/blog\/#website"},"primaryImageOfPage":{"@id":"https:\/\/www.pensarcursos.com.br\/blog\/novidade-no-processo-seletivo-da-guarda-municipal-com-salarios-de-r-13-mil\/#primaryimage"},"image":{"@id":"https:\/\/www.pensarcursos.com.br\/blog\/novidade-no-processo-seletivo-da-guarda-municipal-com-salarios-de-r-13-mil\/#primaryimage"},"thumbnailUrl":"https:\/\/www.pensarcursos.com.br\/blog\/wp-content\/uploads\/2025\/08\/presenca-da-guarda-municipal-nas-comunidades.jpeg","datePublished":"2025-08-07T17:06:03+00:00","dateModified":"2025-08-07T17:23:24+00:00","description":"O processo seletivo da Guarda Municipal est\u00e1 movimentando milhares de candidatos em busca de uma oportunidade \u00fanica: sal\u00e1rios de at\u00e9 R$ 13 mil e a chance","breadcrumb":{"@id":"https:\/\/www.pensarcursos.com.br\/blog\/novidade-no-processo-seletivo-da-guarda-municipal-com-salarios-de-r-13-mil\/#breadcrumb"},"inLanguage":"pt-BR","potentialAction":[{"@type":"ReadAction","target":["https:\/\/www.pensarcursos.com.br\/blog\/novidade-no-processo-seletivo-da-guarda-municipal-com-salarios-de-r-13-mil\/"]}]},{"@type":"ImageObject","inLanguage":"pt-BR","@id":"https:\/\/www.pensarcursos.com.br\/blog\/novidade-no-processo-seletivo-da-guarda-municipal-com-salarios-de-r-13-mil\/#primaryimage","url":"https:\/\/www.pensarcursos.com.br\/blog\/wp-content\/uploads\/2025\/08\/presenca-da-guarda-municipal-nas-comunidades.jpeg","contentUrl":"https:\/\/www.pensarcursos.com.br\/blog\/wp-content\/uploads\/2025\/08\/presenca-da-guarda-municipal-nas-comunidades.jpeg","width":1200,"height":768,"caption":"Fique por dentro de tudo sobre a sele\u00e7\u00e3o para a Guarda Municipal. Imagem: Prefeitura de Cap\u00e3o Bonito"},{"@type":"BreadcrumbList","@id":"https:\/\/www.pensarcursos.com.br\/blog\/novidade-no-processo-seletivo-da-guarda-municipal-com-salarios-de-r-13-mil\/#breadcrumb","itemListElement":[{"@type":"ListItem","position":1,"name":"Home","item":"https:\/\/www.pensarcursos.com.br\/blog\/"},{"@type":"ListItem","position":2,"name":"Novidade no Processo Seletivo da Guarda Municipal com sal\u00e1rios de R$ 13 mil"}]},{"@type":"WebSite","@id":"https:\/\/www.pensarcursos.com.br\/blog\/#website","url":"https:\/\/www.pensarcursos.com.br\/blog\/","name":"Blog Pensar Cursos","description":"Maior Site de Cursos do Brasil","publisher":{"@id":"https:\/\/www.pensarcursos.com.br\/blog\/#organization"},"alternateName":"Blog Pensar","potentialAction":[{"@type":"SearchAction","target":{"@type":"EntryPoint","urlTemplate":"https:\/\/www.pensarcursos.com.br\/blog\/?s={search_term_string}"},"query-input":{"@type":"PropertyValueSpecification","valueRequired":true,"valueName":"search_term_string"}}],"inLanguage":"pt-BR"},{"@type":"Organization","@id":"https:\/\/www.pensarcursos.com.br\/blog\/#organization","name":"Pensar Cursos","alternateName":"Blog pensar","url":"https:\/\/www.pensarcursos.com.br\/blog\/","logo":{"@type":"ImageObject","inLanguage":"pt-BR","@id":"https:\/\/www.pensarcursos.com.br\/blog\/#\/schema\/logo\/image\/","url":"https:\/\/www.pensarcursos.com.br\/blog\/wp-content\/uploads\/2023\/11\/Nova-Logo-Pensar-Cursos-vertical.png","contentUrl":"https:\/\/www.pensarcursos.com.br\/blog\/wp-content\/uploads\/2023\/11\/Nova-Logo-Pensar-Cursos-vertical.png","width":1393,"height":1001,"caption":"Pensar Cursos"},"image":{"@id":"https:\/\/www.pensarcursos.com.br\/blog\/#\/schema\/logo\/image\/"},"sameAs":["https:\/\/www.facebook.com\/pensarcursos\/","https:\/\/instagram.com.br\/pensarcursos"],"description":"Pensar Cursos \u00e9 uma empresa especializada em oferecer cursos de alta qualidade voltados para o desenvolvimento profissional e acad\u00eamico. Com uma ampla gama de op\u00e7\u00f5es de treinamento, oferecemos conte\u00fados atualizados, ministrados por especialistas da \u00e1rea, para capacitar indiv\u00edduos e equipes a atingirem seus objetivos. Nossa miss\u00e3o \u00e9 proporcionar uma educa\u00e7\u00e3o transformadora, acess\u00edvel e personalizada para cada aluno, seja em cursos presenciais ou online. Com uma abordagem inovadora, buscamos adaptar os nossos programas de ensino \u00e0s necessidades do mercado, criando solu\u00e7\u00f5es que atendem aos desafios e exig\u00eancias do mundo corporativo e acad\u00eamico. Nossos cursos incluem desde forma\u00e7\u00f5es t\u00e9cnicas at\u00e9 habilidades essenciais, como lideran\u00e7a, gest\u00e3o e desenvolvimento pessoal.","email":"contato@pensarcursos.com.br","legalName":"Sena Servi\u00e7os de Informa\u00e7\u00e3o Online LTDA","foundingDate":"2013-04-18","vatID":"17956217000172","numberOfEmployees":{"@type":"QuantitativeValue","minValue":"11","maxValue":"50"},"publishingPrinciples":"https:\/\/www.pensarcursos.com.br\/blog\/principios-de-publicacao\/","ownershipFundingInfo":"https:\/\/www.pensarcursos.com.br\/blog\/informacoes-de-propriedade-financiamento\/","actionableFeedbackPolicy":"https:\/\/www.pensarcursos.com.br\/blog\/politica-de-feedback-acionavel\/","correctionsPolicy":"https:\/\/www.pensarcursos.com.br\/blog\/politica-de-correcoes\/","ethicsPolicy":"https:\/\/www.pensarcursos.com.br\/blog\/politica-de-etica\/"},{"@type":"Person","@id":"https:\/\/www.pensarcursos.com.br\/blog\/#\/schema\/person\/134389a33d69ddd7e127fac02bd155fa","name":"Gabriela Machado","image":{"@type":"ImageObject","inLanguage":"pt-BR","@id":"https:\/\/secure.gravatar.com\/avatar\/3c883c65f44a41cb00078efa0c1943783eabec9e96518b4565b28a6f9d027f9b?s=96&d=mm&r=g","url":"https:\/\/secure.gravatar.com\/avatar\/3c883c65f44a41cb00078efa0c1943783eabec9e96518b4565b28a6f9d027f9b?s=96&d=mm&r=g","contentUrl":"https:\/\/secure.gravatar.com\/avatar\/3c883c65f44a41cb00078efa0c1943783eabec9e96518b4565b28a6f9d027f9b?s=96&d=mm&r=g","caption":"Gabriela Machado"},"description":"Graduada em Pedagogia pela UESC(Universidade Estadual de Santa Cruz). Redatora do grupo Sena Online.","sameAs":["https:\/\/www.instagram.com\/gabrielamchs"],"url":"https:\/\/www.pensarcursos.com.br\/blog\/author\/gabriela\/"}]}},"_links":{"self":[{"href":"https:\/\/www.pensarcursos.com.br\/blog\/wp-json\/wp\/v2\/posts\/115240","targetHints":{"allow":["GET"]}}],"collection":[{"href":"https:\/\/www.pensarcursos.com.br\/blog\/wp-json\/wp\/v2\/posts"}],"about":[{"href":"https:\/\/www.pensarcursos.com.br\/blog\/wp-json\/wp\/v2\/types\/post"}],"author":[{"embeddable":true,"href":"https:\/\/www.pensarcursos.com.br\/blog\/wp-json\/wp\/v2\/users\/49"}],"replies":[{"embeddable":true,"href":"https:\/\/www.pensarcursos.com.br\/blog\/wp-json\/wp\/v2\/comments?post=115240"}],"version-history":[{"count":0,"href":"https:\/\/www.pensarcursos.com.br\/blog\/wp-json\/wp\/v2\/posts\/115240\/revisions"}],"wp:featuredmedia":[{"embeddable":true,"href":"https:\/\/www.pensarcursos.com.br\/blog\/wp-json\/wp\/v2\/media\/115245"}],"wp:attachment":[{"href":"https:\/\/www.pensarcursos.com.br\/blog\/wp-json\/wp\/v2\/media?parent=115240"}],"wp:term":[{"taxonomy":"category","embeddable":true,"href":"https:\/\/www.pensarcursos.com.br\/blog\/wp-json\/wp\/v2\/categories?post=115240"},{"taxonomy":"post_tag","embeddable":true,"href":"https:\/\/www.pensarcursos.com.br\/blog\/wp-json\/wp\/v2\/tags?post=115240"}],"curies":[{"name":"wp","href":"https:\/\/api.w.org\/{rel}","templated":true}]}}