{"id":114846,"date":"2025-08-04T11:37:28","date_gmt":"2025-08-04T14:37:28","guid":{"rendered":"https:\/\/www.pensarcursos.com.br\/blog\/?p=114846"},"modified":"2025-08-04T11:37:28","modified_gmt":"2025-08-04T14:37:28","slug":"concurso-para-agente-de-saude-guarda-municipal-pedagogo-e-professor-encerra-inscricoes-em-06-08","status":"publish","type":"post","link":"https:\/\/www.pensarcursos.com.br\/blog\/concurso-para-agente-de-saude-guarda-municipal-pedagogo-e-professor-encerra-inscricoes-em-06-08\/","title":{"rendered":"Concurso para Agente de Sa\u00fade, Guarda Municipal, Pedagogo e Professor encerra inscri\u00e7\u00f5es em 06\/08"},"content":{"rendered":"<p>O\u00a0concurso da Prefeitura Municipal\u00a0est\u00e1 com inscri\u00e7\u00f5es abertas <strong>at\u00e9 o dia 6 de agosto de 2025,<\/strong> oferecendo oportunidades para quem busca estabilidade e crescimento profissional no servi\u00e7o p\u00fablico. Com vagas para Agente Comunit\u00e1rio de Sa\u00fade, Guarda Municipal, Pedagogo e Professor, o certame promete atrair candidatos de diferentes perfis e n\u00edveis de escolaridade. Se voc\u00ea deseja garantir uma das vagas, \u00e9 fundamental ficar atento aos prazos, requisitos e etapas da sele\u00e7\u00e3o. Descubra todos os detalhes e prepare-se para conquistar sua vaga!<\/p>\n<h2>Detalhes do concurso da Prefeitura Municipal<\/h2>\n<p>O\u00a0<a href=\"https:\/\/www.pensarcursos.com.br\/blog\/comecou-2-concursos-da-guarda-municipal-abrem-inscricoes-nesta-segunda-04-08-salarios-de-ate-r-66-mil\/\">concurso<\/a> da Prefeitura Municipal reabriu inscri\u00e7\u00f5es para preencher <strong>22 vagas imediatas<\/strong> e formar cadastro reserva em cargos de n\u00edveis m\u00e9dio e superior. As oportunidades abrangem \u00e1reas indispens\u00e1veis para o munic\u00edpio, como sa\u00fade, seguran\u00e7a e educa\u00e7\u00e3o.<\/p>\n<p>Os editais contemplam vagas para Professor de diversas disciplinas, Pedagogo, Agente Comunit\u00e1rio de Sa\u00fade, Agente de Combate \u00e0s Endemias e Guarda Municipal. H\u00e1 reserva de vagas para pessoas com defici\u00eancia e candidatos que se enquadrem nos crit\u00e9rios do edital.<\/p>\n<h2>Vagas ofertadas<\/h2>\n<ul>\n<li>Professor de Educa\u00e7\u00e3o Fundamental Anos Finais \u2013 Geografia (1 vaga)<\/li>\n<li>Professor de Educa\u00e7\u00e3o Fundamental Anos Finais \u2013 Hist\u00f3ria (1 vaga)<\/li>\n<li>Professor de Educa\u00e7\u00e3o Fundamental Anos Finais \u2013 Ci\u00eancias (1 vaga)<\/li>\n<li>Professor de Educa\u00e7\u00e3o Fundamental Anos Finais \u2013 L\u00edngua Portuguesa (2 vagas)<\/li>\n<li>Professor de Educa\u00e7\u00e3o Fundamental Anos Finais \u2013 Matem\u00e1tica (2 vagas)<\/li>\n<li>Pedagogo (8 vagas)<\/li>\n<li>Agente Comunit\u00e1rio de Sa\u00fade (1 vaga)<\/li>\n<li>Agente de Combate \u00e0s Endemias (2 vagas)<\/li>\n<li>Guarda Municipal (4 vagas)<\/li>\n<\/ul>\n<p><a href=\"https:\/\/www.pensarcursos.com.br\/blog\/wp-content\/uploads\/2025\/08\/professor.pdf\">Edital Professor<\/a><\/p>\n<p><a href=\"https:\/\/www.pensarcursos.com.br\/blog\/wp-content\/uploads\/2025\/08\/Guarda.pdf\" target=\"_blank\" rel=\"noopener\">Edital Guarda Municipal<\/a><\/p>\n<p><a href=\"https:\/\/www.pensarcursos.com.br\/blog\/wp-content\/uploads\/2025\/08\/agente-c-S.pdf\" target=\"_blank\" rel=\"noopener\">Edital Agente de Combate \u00e0s Endemias\u00a0<\/a><\/p>\n<p>Al\u00e9m das vagas imediatas, h\u00e1 forma\u00e7\u00e3o de cadastro reserva para futuras convoca\u00e7\u00f5es, ampliando as chances para quem deseja ingressar no servi\u00e7o p\u00fablico.<\/p>\n<h2>Requisitos para se candidatar<\/h2>\n<p>Para participar do\u00a0<a href=\"https:\/\/www.pensarcursos.com.br\/blog\/concurso-do-banco-do-brasil-quais-conteudos-voce-nao-pode-deixar-de-estudar\/\">concurso<\/a> da Prefeitura Municipal, \u00e9 necess\u00e1rio comprovar o n\u00edvel de escolaridade exigido para cada cargo. Para as fun\u00e7\u00f5es de Professor e Pedagogo, exige-se forma\u00e7\u00e3o superior na \u00e1rea correspondente. J\u00e1 para Agente Comunit\u00e1rio de Sa\u00fade, Agente de Combate \u00e0s Endemias e Guarda Municipal, o requisito \u00e9 o ensino m\u00e9dio completo.<\/p>\n<p>Outros crit\u00e9rios, como idade m\u00ednima, aptid\u00e3o f\u00edsica e resid\u00eancia na \u00e1rea de atua\u00e7\u00e3o, podem ser exigidos conforme o edital.<\/p>\n<h2>Remunera\u00e7\u00e3o, benef\u00edcios e carga hor\u00e1ria<\/h2>\n<p>Os sal\u00e1rios iniciais do <a href=\"https:\/\/www.pensarcursos.com.br\/blog\/saiu-edital-concurso-da-secretaria-de-saude-abre-inscricoes-no-dia-05-08-salarios-de-ate-r-143-mil\/\">concurso<\/a> da Prefeitura Municipal de Ipaporanga, no estado do Cear\u00e1 (CE) variam de <strong>R$ 1.518,00 a R$ 3.036,00,<\/strong> conforme o cargo.<\/p>\n<p>A carga hor\u00e1ria semanal pode ser de 20 a 40 horas, dependendo da fun\u00e7\u00e3o.<\/p>\n<h2>Inscri\u00e7\u00f5es do concurso da Prefeitura Municipal<\/h2>\n<p>As inscri\u00e7\u00f5es para o\u00a0concurso da Prefeitura Municipal\u00a0devem ser realizadas exclusivamente pelo site do\u00a0<a href=\"https:\/\/www.consulpam.com.br\/\" target=\"_blank\" rel=\"noopener\">Instituto Consulpam<\/a>\u00a0at\u00e9 6 de agosto de 2025. As taxas variam de R$ 90,00 a R$ 130,00, conforme o cargo pretendido. \u00c9 importante preencher corretamente todos os dados e anexar a documenta\u00e7\u00e3o exigida para evitar problemas na homologa\u00e7\u00e3o da inscri\u00e7\u00e3o.<\/p>\n<p>Quer conferir conte\u00fados atualizados sobre prepara\u00e7\u00e3o para concursos p\u00fablicos? Continue no <a href=\"https:\/\/www.pensarcursos.com.br\/blog\/\"><strong>Pensar Cursos<\/strong><\/a>.<\/p>\n<h2>Processo de sele\u00e7\u00e3o &#8211; Etapas do concurso da Prefeitura Municipal<\/h2>\n<p>O concurso da Prefeitura Municipal de Ipaporanga ser\u00e1 composto por:<\/p>\n<ul>\n<li>Prova objetiva\u00a0para todos os cargos, prevista para<strong> 14 de setembro de 2025<\/strong>;<\/li>\n<li>Prova de t\u00edtulos e prova discursiva\u00a0para cargos de Professor;<\/li>\n<li>Exame m\u00e9dico, investiga\u00e7\u00e3o social, avalia\u00e7\u00e3o psicol\u00f3gica, prova de aptid\u00e3o f\u00edsica e curso de forma\u00e7\u00e3o\u00a0para Guarda Municipal.<\/li>\n<\/ul>\n<p>Os candidatos devem se preparar para todas as etapas, pois cada fase \u00e9 eliminat\u00f3ria e classificat\u00f3ria.<\/p>\n<figure id=\"attachment_114853\" aria-describedby=\"caption-attachment-114853\" style=\"width: 909px\" class=\"wp-caption aligncenter\"><img decoding=\"async\" class=\" wp-image-114853\" title=\"Prepara\u00e7\u00e3o para as provas do concurso de Ipaporanga.\" src=\"https:\/\/www.pensarcursos.com.br\/blog\/wp-content\/uploads\/2025\/08\/Concurso8-1.jpg\" alt=\"Pessoa escrevendo com caneta em uma folha de papel durante um concurso.\" width=\"909\" height=\"521\" \/><figcaption id=\"caption-attachment-114853\" class=\"wp-caption-text\">As provas do concurso da Prefeitura Municipal de Ipaporanga ser\u00e3o aplicadas em 14 de setembro. Imagem: Freepik<\/figcaption><\/figure>\n<h2>Resumo do concurso da Prefeitura Municipal<\/h2>\n<table>\n<tbody>\n<tr>\n<th>Status<\/th>\n<td>Concurso aberto<\/td>\n<\/tr>\n<tr>\n<th>Banca<\/th>\n<td><a href=\"https:\/\/www.consulpam.com.br\/\" target=\"_blank\" rel=\"noopener\">Instituto Consulpam<\/a><\/td>\n<\/tr>\n<tr>\n<th>Cargos<\/th>\n<td>Professor, Pedagogo, Agente Comunit\u00e1rio de Sa\u00fade, Agente de Combate \u00e0s Endemias, Guarda Municipal<\/td>\n<\/tr>\n<tr>\n<th>Escolaridade<\/th>\n<td>M\u00e9dio e Superior<\/td>\n<\/tr>\n<tr>\n<th>Vagas<\/th>\n<td>22 + cadastro reserva<\/td>\n<\/tr>\n<tr>\n<th>Sal\u00e1rio inicial<\/th>\n<td>R$ 1.518,00 a R$ 3.036,00<\/td>\n<\/tr>\n<tr>\n<th>Carga hor\u00e1ria<\/th>\n<td>20h a 40h semanais<\/td>\n<\/tr>\n<tr>\n<th>In\u00edcio das inscri\u00e7\u00f5es<\/th>\n<td>21\/07\/2025<\/td>\n<\/tr>\n<tr>\n<th>Taxa inscri\u00e7\u00e3o<\/th>\n<td>R$ 90,00 a R$ 130,00<\/td>\n<\/tr>\n<tr>\n<th>Data da prova objetiva<\/th>\n<td>14\/09\/2025<\/td>\n<\/tr>\n<tr>\n<th>T\u00e9rmino das inscri\u00e7\u00f5es<\/th>\n<td>06\/08\/2025<\/td>\n<\/tr>\n<\/tbody>\n<\/table>\n<h2>Validade do concurso da Prefeitura Municipal<\/h2>\n<p>O concurso ter\u00e1 validade de dois anos a partir da homologa\u00e7\u00e3o do resultado final, podendo ser prorrogado uma \u00fanica vez por igual per\u00edodo, conforme decis\u00e3o do Poder Executivo. Isso amplia as chances de convoca\u00e7\u00e3o para quem ficar no cadastro reserva.<\/p>\n<p>N\u00e3o perca a oportunidade de fazer parte do quadro de servidores da Prefeitura Municipal. Com inscri\u00e7\u00f5es abertas at\u00e9 6 de agosto de 2025, este concurso \u00e9 uma excelente chance para quem busca estabilidade e desenvolvimento profissional. Prepare-se com anteced\u00eancia, fique atento aos prazos e requisitos, e garanta sua participa\u00e7\u00e3o neste certame que pode transformar sua carreira.<\/p>\n<div class=\"jeg_video_container jeg_video_content\"><iframe title=\"Como Estudar do Zero pro CNU 2025: O Guia COMPLETO em 3 Meses!\" width=\"500\" height=\"281\" src=\"https:\/\/www.youtube.com\/embed\/1BGXfo84pDA?start=20&#038;feature=oembed\" frameborder=\"0\" allow=\"accelerometer; autoplay; clipboard-write; encrypted-media; gyroscope; picture-in-picture; web-share\" referrerpolicy=\"strict-origin-when-cross-origin\" allowfullscreen><\/iframe><\/div>\n","protected":false},"excerpt":{"rendered":"<p>O\u00a0concurso da Prefeitura Municipal\u00a0est\u00e1 com inscri\u00e7\u00f5es abertas at\u00e9 o dia 6 de agosto de 2025, oferecendo oportunidades para quem busca estabilidade e crescimento profissional no servi\u00e7o p\u00fablico. Com vagas para Agente Comunit\u00e1rio de Sa\u00fade, Guarda Municipal, Pedagogo e Professor, o certame promete atrair candidatos de diferentes perfis e n\u00edveis de escolaridade. Se voc\u00ea deseja garantir [&hellip;]<\/p>\n","protected":false},"author":17,"featured_media":114851,"comment_status":"open","ping_status":"closed","sticky":false,"template":"","format":"standard","meta":{"jnews-multi-image_gallery":[],"jnews_single_post":[],"jnews_primary_category":[],"jnews_social_meta":[],"jnews_override_counter":[],"footnotes":""},"categories":[29],"tags":[31608,31607,31609],"class_list":["post-114846","post","type-post","status-publish","format-standard","has-post-thumbnail","hentry","category-concursos","tag-edital-concurso-da-prefeitura-de-ipaporanga","tag-inscricoes-concurso-da-prefeitura-de-ipaporanga","tag-vagas-concurso-da-prefeitura-de-ipaporanga"],"yoast_head":"<!-- This site is optimized with the Yoast SEO Premium plugin v27.4 (Yoast SEO v27.4) - https:\/\/yoast.com\/product\/yoast-seo-premium-wordpress\/ -->\n<title>Concurso para Agente de Sa\u00fade, Guarda Municipal, Pedagogo e Professor encerra inscri\u00e7\u00f5es em 06\/08 - Blog Pensar Cursos<\/title>\n<meta name=\"description\" content=\"O\u00a0concurso da Prefeitura Municipal\u00a0est\u00e1 com inscri\u00e7\u00f5es abertas at\u00e9 o dia 6 de agosto de 2025, oferecendo oportunidades para quem busca estabilidade e\" \/>\n<meta name=\"robots\" content=\"index, follow, max-snippet:-1, max-image-preview:large, max-video-preview:-1\" \/>\n<link rel=\"canonical\" href=\"https:\/\/www.pensarcursos.com.br\/blog\/concurso-para-agente-de-saude-guarda-municipal-pedagogo-e-professor-encerra-inscricoes-em-06-08\/\" \/>\n<meta property=\"og:locale\" content=\"pt_BR\" \/>\n<meta property=\"og:type\" content=\"article\" \/>\n<meta property=\"og:title\" content=\"Concurso para Agente de Sa\u00fade, Guarda Municipal, Pedagogo e Professor encerra inscri\u00e7\u00f5es em 06\/08\" \/>\n<meta property=\"og:description\" content=\"O\u00a0concurso da Prefeitura Municipal\u00a0est\u00e1 com inscri\u00e7\u00f5es abertas at\u00e9 o dia 6 de agosto de 2025, oferecendo oportunidades para quem busca estabilidade e\" \/>\n<meta property=\"og:url\" content=\"https:\/\/www.pensarcursos.com.br\/blog\/concurso-para-agente-de-saude-guarda-municipal-pedagogo-e-professor-encerra-inscricoes-em-06-08\/\" \/>\n<meta property=\"og:site_name\" content=\"Blog Pensar Cursos\" \/>\n<meta property=\"article:publisher\" content=\"https:\/\/www.facebook.com\/pensarcursos\/\" \/>\n<meta property=\"article:author\" content=\"https:\/\/www.facebook.com\/profile.php?id=61550018262414\" \/>\n<meta property=\"article:published_time\" content=\"2025-08-04T14:37:28+00:00\" \/>\n<meta property=\"og:image\" content=\"https:\/\/www.pensarcursos.com.br\/blog\/wp-content\/uploads\/2025\/08\/Concurso-P4-1-2.png\" \/>\n\t<meta property=\"og:image:width\" content=\"1200\" \/>\n\t<meta property=\"og:image:height\" content=\"800\" \/>\n\t<meta property=\"og:image:type\" content=\"image\/png\" \/>\n<meta name=\"author\" content=\"Gorete Costa\" \/>\n<meta name=\"twitter:card\" content=\"summary_large_image\" \/>\n<meta name=\"twitter:label1\" content=\"Escrito por\" \/>\n\t<meta name=\"twitter:data1\" content=\"Gorete Costa\" \/>\n\t<meta name=\"twitter:label2\" content=\"Est. tempo de leitura\" \/>\n\t<meta name=\"twitter:data2\" content=\"4 minutos\" \/>\n<!-- \/ Yoast SEO Premium plugin. -->","yoast_head_json":{"title":"Concurso para Agente de Sa\u00fade, Guarda Municipal, Pedagogo e Professor encerra inscri\u00e7\u00f5es em 06\/08 - Blog Pensar Cursos","description":"O\u00a0concurso da Prefeitura Municipal\u00a0est\u00e1 com inscri\u00e7\u00f5es abertas at\u00e9 o dia 6 de agosto de 2025, oferecendo oportunidades para quem busca estabilidade e","robots":{"index":"index","follow":"follow","max-snippet":"max-snippet:-1","max-image-preview":"max-image-preview:large","max-video-preview":"max-video-preview:-1"},"canonical":"https:\/\/www.pensarcursos.com.br\/blog\/concurso-para-agente-de-saude-guarda-municipal-pedagogo-e-professor-encerra-inscricoes-em-06-08\/","og_locale":"pt_BR","og_type":"article","og_title":"Concurso para Agente de Sa\u00fade, Guarda Municipal, Pedagogo e Professor encerra inscri\u00e7\u00f5es em 06\/08","og_description":"O\u00a0concurso da Prefeitura Municipal\u00a0est\u00e1 com inscri\u00e7\u00f5es abertas at\u00e9 o dia 6 de agosto de 2025, oferecendo oportunidades para quem busca estabilidade e","og_url":"https:\/\/www.pensarcursos.com.br\/blog\/concurso-para-agente-de-saude-guarda-municipal-pedagogo-e-professor-encerra-inscricoes-em-06-08\/","og_site_name":"Blog Pensar Cursos","article_publisher":"https:\/\/www.facebook.com\/pensarcursos\/","article_author":"https:\/\/www.facebook.com\/profile.php?id=61550018262414","article_published_time":"2025-08-04T14:37:28+00:00","og_image":[{"width":1200,"height":800,"url":"https:\/\/www.pensarcursos.com.br\/blog\/wp-content\/uploads\/2025\/08\/Concurso-P4-1-2.png","type":"image\/png"}],"author":"Gorete Costa","twitter_card":"summary_large_image","twitter_misc":{"Escrito por":"Gorete Costa","Est. tempo de leitura":"4 minutos"},"schema":{"@context":"https:\/\/schema.org","@graph":[{"@type":["Article","BlogPosting"],"@id":"https:\/\/www.pensarcursos.com.br\/blog\/concurso-para-agente-de-saude-guarda-municipal-pedagogo-e-professor-encerra-inscricoes-em-06-08\/#article","isPartOf":{"@id":"https:\/\/www.pensarcursos.com.br\/blog\/concurso-para-agente-de-saude-guarda-municipal-pedagogo-e-professor-encerra-inscricoes-em-06-08\/"},"author":{"name":"Gorete Costa","@id":"https:\/\/www.pensarcursos.com.br\/blog\/#\/schema\/person\/e133b19d62595d6ab0c12f3e5436a7bb"},"headline":"Concurso para Agente de Sa\u00fade, Guarda Municipal, Pedagogo e Professor encerra inscri\u00e7\u00f5es em 06\/08","datePublished":"2025-08-04T14:37:28+00:00","mainEntityOfPage":{"@id":"https:\/\/www.pensarcursos.com.br\/blog\/concurso-para-agente-de-saude-guarda-municipal-pedagogo-e-professor-encerra-inscricoes-em-06-08\/"},"wordCount":805,"commentCount":0,"publisher":{"@id":"https:\/\/www.pensarcursos.com.br\/blog\/#organization"},"image":{"@id":"https:\/\/www.pensarcursos.com.br\/blog\/concurso-para-agente-de-saude-guarda-municipal-pedagogo-e-professor-encerra-inscricoes-em-06-08\/#primaryimage"},"thumbnailUrl":"https:\/\/www.pensarcursos.com.br\/blog\/wp-content\/uploads\/2025\/08\/Concurso-P4-1-2.png","keywords":["edital concurso da prefeitura de ipaporanga","inscri\u00e7\u00f5es concurso da prefeitura de ipaporanga","vagas concurso da prefeitura de ipaporanga"],"articleSection":["Concursos P\u00fablicos"],"inLanguage":"pt-BR","potentialAction":[{"@type":"CommentAction","name":"Comment","target":["https:\/\/www.pensarcursos.com.br\/blog\/concurso-para-agente-de-saude-guarda-municipal-pedagogo-e-professor-encerra-inscricoes-em-06-08\/#respond"]}],"copyrightYear":"2025","copyrightHolder":{"@id":"https:\/\/www.pensarcursos.com.br\/blog\/#organization"}},{"@type":"WebPage","@id":"https:\/\/www.pensarcursos.com.br\/blog\/concurso-para-agente-de-saude-guarda-municipal-pedagogo-e-professor-encerra-inscricoes-em-06-08\/","url":"https:\/\/www.pensarcursos.com.br\/blog\/concurso-para-agente-de-saude-guarda-municipal-pedagogo-e-professor-encerra-inscricoes-em-06-08\/","name":"Concurso para Agente de Sa\u00fade, Guarda Municipal, Pedagogo e Professor encerra inscri\u00e7\u00f5es em 06\/08 - Blog Pensar Cursos","isPartOf":{"@id":"https:\/\/www.pensarcursos.com.br\/blog\/#website"},"primaryImageOfPage":{"@id":"https:\/\/www.pensarcursos.com.br\/blog\/concurso-para-agente-de-saude-guarda-municipal-pedagogo-e-professor-encerra-inscricoes-em-06-08\/#primaryimage"},"image":{"@id":"https:\/\/www.pensarcursos.com.br\/blog\/concurso-para-agente-de-saude-guarda-municipal-pedagogo-e-professor-encerra-inscricoes-em-06-08\/#primaryimage"},"thumbnailUrl":"https:\/\/www.pensarcursos.com.br\/blog\/wp-content\/uploads\/2025\/08\/Concurso-P4-1-2.png","datePublished":"2025-08-04T14:37:28+00:00","description":"O\u00a0concurso da Prefeitura Municipal\u00a0est\u00e1 com inscri\u00e7\u00f5es abertas at\u00e9 o dia 6 de agosto de 2025, oferecendo oportunidades para quem busca estabilidade e","breadcrumb":{"@id":"https:\/\/www.pensarcursos.com.br\/blog\/concurso-para-agente-de-saude-guarda-municipal-pedagogo-e-professor-encerra-inscricoes-em-06-08\/#breadcrumb"},"inLanguage":"pt-BR","potentialAction":[{"@type":"ReadAction","target":["https:\/\/www.pensarcursos.com.br\/blog\/concurso-para-agente-de-saude-guarda-municipal-pedagogo-e-professor-encerra-inscricoes-em-06-08\/"]}]},{"@type":"ImageObject","inLanguage":"pt-BR","@id":"https:\/\/www.pensarcursos.com.br\/blog\/concurso-para-agente-de-saude-guarda-municipal-pedagogo-e-professor-encerra-inscricoes-em-06-08\/#primaryimage","url":"https:\/\/www.pensarcursos.com.br\/blog\/wp-content\/uploads\/2025\/08\/Concurso-P4-1-2.png","contentUrl":"https:\/\/www.pensarcursos.com.br\/blog\/wp-content\/uploads\/2025\/08\/Concurso-P4-1-2.png","width":1200,"height":800,"caption":"Aten\u00e7\u00e3o! Inscri\u00e7\u00f5es para o concurso p\u00fablico encerram em 06\/08. N\u00e3o perca! Imagem: Pensar Cursos"},{"@type":"BreadcrumbList","@id":"https:\/\/www.pensarcursos.com.br\/blog\/concurso-para-agente-de-saude-guarda-municipal-pedagogo-e-professor-encerra-inscricoes-em-06-08\/#breadcrumb","itemListElement":[{"@type":"ListItem","position":1,"name":"Home","item":"https:\/\/www.pensarcursos.com.br\/blog\/"},{"@type":"ListItem","position":2,"name":"Concurso para Agente de Sa\u00fade, Guarda Municipal, Pedagogo e Professor encerra inscri\u00e7\u00f5es em 06\/08"}]},{"@type":"WebSite","@id":"https:\/\/www.pensarcursos.com.br\/blog\/#website","url":"https:\/\/www.pensarcursos.com.br\/blog\/","name":"Blog Pensar Cursos","description":"Maior Site de Cursos do Brasil","publisher":{"@id":"https:\/\/www.pensarcursos.com.br\/blog\/#organization"},"alternateName":"Blog Pensar","potentialAction":[{"@type":"SearchAction","target":{"@type":"EntryPoint","urlTemplate":"https:\/\/www.pensarcursos.com.br\/blog\/?s={search_term_string}"},"query-input":{"@type":"PropertyValueSpecification","valueRequired":true,"valueName":"search_term_string"}}],"inLanguage":"pt-BR"},{"@type":"Organization","@id":"https:\/\/www.pensarcursos.com.br\/blog\/#organization","name":"Pensar Cursos","alternateName":"Blog pensar","url":"https:\/\/www.pensarcursos.com.br\/blog\/","logo":{"@type":"ImageObject","inLanguage":"pt-BR","@id":"https:\/\/www.pensarcursos.com.br\/blog\/#\/schema\/logo\/image\/","url":"https:\/\/www.pensarcursos.com.br\/blog\/wp-content\/uploads\/2023\/11\/Nova-Logo-Pensar-Cursos-vertical.png","contentUrl":"https:\/\/www.pensarcursos.com.br\/blog\/wp-content\/uploads\/2023\/11\/Nova-Logo-Pensar-Cursos-vertical.png","width":1393,"height":1001,"caption":"Pensar Cursos"},"image":{"@id":"https:\/\/www.pensarcursos.com.br\/blog\/#\/schema\/logo\/image\/"},"sameAs":["https:\/\/www.facebook.com\/pensarcursos\/","https:\/\/instagram.com.br\/pensarcursos"],"description":"Pensar Cursos \u00e9 uma empresa especializada em oferecer cursos de alta qualidade voltados para o desenvolvimento profissional e acad\u00eamico. Com uma ampla gama de op\u00e7\u00f5es de treinamento, oferecemos conte\u00fados atualizados, ministrados por especialistas da \u00e1rea, para capacitar indiv\u00edduos e equipes a atingirem seus objetivos. Nossa miss\u00e3o \u00e9 proporcionar uma educa\u00e7\u00e3o transformadora, acess\u00edvel e personalizada para cada aluno, seja em cursos presenciais ou online. Com uma abordagem inovadora, buscamos adaptar os nossos programas de ensino \u00e0s necessidades do mercado, criando solu\u00e7\u00f5es que atendem aos desafios e exig\u00eancias do mundo corporativo e acad\u00eamico. Nossos cursos incluem desde forma\u00e7\u00f5es t\u00e9cnicas at\u00e9 habilidades essenciais, como lideran\u00e7a, gest\u00e3o e desenvolvimento pessoal.","email":"contato@pensarcursos.com.br","legalName":"Sena Servi\u00e7os de Informa\u00e7\u00e3o Online LTDA","foundingDate":"2013-04-18","vatID":"17956217000172","numberOfEmployees":{"@type":"QuantitativeValue","minValue":"11","maxValue":"50"},"publishingPrinciples":"https:\/\/www.pensarcursos.com.br\/blog\/principios-de-publicacao\/","ownershipFundingInfo":"https:\/\/www.pensarcursos.com.br\/blog\/informacoes-de-propriedade-financiamento\/","actionableFeedbackPolicy":"https:\/\/www.pensarcursos.com.br\/blog\/politica-de-feedback-acionavel\/","correctionsPolicy":"https:\/\/www.pensarcursos.com.br\/blog\/politica-de-correcoes\/","ethicsPolicy":"https:\/\/www.pensarcursos.com.br\/blog\/politica-de-etica\/"},{"@type":"Person","@id":"https:\/\/www.pensarcursos.com.br\/blog\/#\/schema\/person\/e133b19d62595d6ab0c12f3e5436a7bb","name":"Gorete Costa","image":{"@type":"ImageObject","inLanguage":"pt-BR","@id":"https:\/\/secure.gravatar.com\/avatar\/8cb99f142e1cb1312d8c202378c20dc4f7210145acc22805481f4a3f47ce9b6f?s=96&d=mm&r=g","url":"https:\/\/secure.gravatar.com\/avatar\/8cb99f142e1cb1312d8c202378c20dc4f7210145acc22805481f4a3f47ce9b6f?s=96&d=mm&r=g","contentUrl":"https:\/\/secure.gravatar.com\/avatar\/8cb99f142e1cb1312d8c202378c20dc4f7210145acc22805481f4a3f47ce9b6f?s=96&d=mm&r=g","caption":"Gorete Costa"},"description":"Graduada em Servi\u00e7o Social pela Universidade do Norte do Paran\u00e1 (Unopar), Gorete Costa \u00e9 especialista em comunica\u00e7\u00e3o, atuando como radialista em programas jornal\u00edsticos e de entretenimento, al\u00e9m de produ\u00e7\u00e3o e revis\u00e3o de textos informativos para sites e blogs.","sameAs":["https:\/\/www.facebook.com\/profile.php?id=61550018262414"],"url":"https:\/\/www.pensarcursos.com.br\/blog\/author\/gorete\/"}]}},"_links":{"self":[{"href":"https:\/\/www.pensarcursos.com.br\/blog\/wp-json\/wp\/v2\/posts\/114846","targetHints":{"allow":["GET"]}}],"collection":[{"href":"https:\/\/www.pensarcursos.com.br\/blog\/wp-json\/wp\/v2\/posts"}],"about":[{"href":"https:\/\/www.pensarcursos.com.br\/blog\/wp-json\/wp\/v2\/types\/post"}],"author":[{"embeddable":true,"href":"https:\/\/www.pensarcursos.com.br\/blog\/wp-json\/wp\/v2\/users\/17"}],"replies":[{"embeddable":true,"href":"https:\/\/www.pensarcursos.com.br\/blog\/wp-json\/wp\/v2\/comments?post=114846"}],"version-history":[{"count":0,"href":"https:\/\/www.pensarcursos.com.br\/blog\/wp-json\/wp\/v2\/posts\/114846\/revisions"}],"wp:featuredmedia":[{"embeddable":true,"href":"https:\/\/www.pensarcursos.com.br\/blog\/wp-json\/wp\/v2\/media\/114851"}],"wp:attachment":[{"href":"https:\/\/www.pensarcursos.com.br\/blog\/wp-json\/wp\/v2\/media?parent=114846"}],"wp:term":[{"taxonomy":"category","embeddable":true,"href":"https:\/\/www.pensarcursos.com.br\/blog\/wp-json\/wp\/v2\/categories?post=114846"},{"taxonomy":"post_tag","embeddable":true,"href":"https:\/\/www.pensarcursos.com.br\/blog\/wp-json\/wp\/v2\/tags?post=114846"}],"curies":[{"name":"wp","href":"https:\/\/api.w.org\/{rel}","templated":true}]}}