{"id":114832,"date":"2025-08-04T10:17:54","date_gmt":"2025-08-04T13:17:54","guid":{"rendered":"https:\/\/www.pensarcursos.com.br\/blog\/?p=114832"},"modified":"2026-03-18T07:49:22","modified_gmt":"2026-03-18T10:49:22","slug":"comecou-2-concursos-da-guarda-municipal-abrem-inscricoes-nesta-segunda-04-08-salarios-de-ate-r-66-mil","status":"publish","type":"post","link":"https:\/\/www.pensarcursos.com.br\/blog\/comecou-2-concursos-da-guarda-municipal-abrem-inscricoes-nesta-segunda-04-08-salarios-de-ate-r-66-mil\/","title":{"rendered":"COME\u00c7OU! 2 concursos da GUARDA MUNICIPAL abrem inscri\u00e7\u00f5es nesta segunda (04\/08) &#8211; Sal\u00e1rios de at\u00e9 R$ 6,6 mil"},"content":{"rendered":"<p>O m\u00eas de agosto chega com novidades para quem busca estabilidade e bons sal\u00e1rios no servi\u00e7o p\u00fablico: dois\u00a0<strong>concursos da Guarda Municipal<\/strong>\u00a0abrem inscri\u00e7\u00f5es nesta segunda-feira, <strong>04\/08.<\/strong> As oportunidades s\u00e3o para diferentes regi\u00f5es, com sal\u00e1rios que podem chegar a <strong>R$ 6.680,58<\/strong>. Se voc\u00ea sonha em ingressar na carreira de seguran\u00e7a p\u00fablica, este \u00e9 o momento de conhecer todos os detalhes, requisitos, etapas e vantagens desses certames. Descubra como participar, quais s\u00e3o as exig\u00eancias e o que esperar da sele\u00e7\u00e3o. Prepare-se para dar o pr\u00f3ximo passo rumo \u00e0 aprova\u00e7\u00e3o!<\/p>\n<h2>Concurso Guarda Civil Municipal 1<\/h2>\n<p>O primeiro edital \u00e9 o da Prefeitura de Tangu\u00e1, no estado do Rio de Janeiro (RJ) que oferece 5 vagas imediatas para o cargo de Guarda Civil Municipal, al\u00e9m de cadastro reserva.<\/p>\n<p>As inscri\u00e7\u00f5es v\u00e3o de 04\/08\/2025 a 04\/09\/2025, pelo site da IBDO Projetos. O sal\u00e1rio inicial \u00e9 de R$ 1.542,81 para 40 horas semanais.<\/p>\n<h3>Vagas ofertadas pelo concurso<\/h3>\n<ul>\n<li style=\"list-style-type: none;\">\n<ul>\n<li>3 vagas ampla concorr\u00eancia<\/li>\n<\/ul>\n<\/li>\n<\/ul>\n<ul>\n<li>1 vaga para candidatos negros<\/li>\n<li>1 vaga para candidatos ind\u00edgenas<\/li>\n<li>Cadastro reserva<\/li>\n<\/ul>\n<h3>Requisitos para se candidatar<\/h3>\n<ul>\n<li>Ensino m\u00e9dio completo<\/li>\n<li>Idade m\u00ednima de 18 anos<\/li>\n<\/ul>\n<h3>Remunera\u00e7\u00e3o e carga hor\u00e1ria do concurso<\/h3>\n<table>\n<thead>\n<tr>\n<th>Cargo<\/th>\n<th>Sal\u00e1rio Inicial<\/th>\n<th>Carga Hor\u00e1ria Semanal<\/th>\n<th>Principais Benef\u00edcios<\/th>\n<\/tr>\n<\/thead>\n<tbody>\n<tr>\n<td>Guarda Civil Municipal<\/td>\n<td>R$ 1.542,81<\/td>\n<td>40h<\/td>\n<td>Benef\u00edcios conforme legisla\u00e7\u00e3o municipal<\/td>\n<\/tr>\n<\/tbody>\n<\/table>\n<p>O sal\u00e1rio inicial \u00e9 de R$ 1.542,81, com jornada de 40 horas semanais.<\/p>\n<h3>Inscri\u00e7\u00f5es do concurso<\/h3>\n<p>As inscri\u00e7\u00f5es v\u00e3o de 04\/08\/2025 a 04\/09\/2025, pelo site da\u00a0<a href=\"https:\/\/concursos.ibdoprojetos.org.br\/informacoes\/80\/\" target=\"_blank\" rel=\"noopener\">IBDO Projetos<\/a>. A taxa \u00e9 de R$ 80,00.<\/p>\n<h3>Processo de sele\u00e7\u00e3o<\/h3>\n<ul>\n<li>Prova objetiva (19\/10\/2025)<\/li>\n<li>Teste de aptid\u00e3o f\u00edsica<\/li>\n<li>Investiga\u00e7\u00e3o social<\/li>\n<li>Exame toxicol\u00f3gico<\/li>\n<li>Avalia\u00e7\u00e3o psicol\u00f3gica<\/li>\n<li>Curso de forma\u00e7\u00e3o profissional<\/li>\n<\/ul>\n<p>A prova objetiva ter\u00e1 quest\u00f5es de l\u00edngua portuguesa, inform\u00e1tica, racioc\u00ednio l\u00f3gico, direito administrativo, constitucional, penal, legisla\u00e7\u00e3o geral e espec\u00edfica.<\/p>\n<h3>Resumo do concurso Guarda Civil Municipal de Tangu\u00e1<\/h3>\n<table>\n<tbody>\n<tr>\n<td>Status<\/td>\n<td>Concurso aberto<\/td>\n<\/tr>\n<tr>\n<td>Banca<\/td>\n<td><a href=\"https:\/\/concursos.ibdoprojetos.org.br\/informacoes\/80\/\" target=\"_blank\" rel=\"noopener\">IBDO Projetos<\/a><\/td>\n<\/tr>\n<tr>\n<td>Cargos<\/td>\n<td>Guarda Civil Municipal<\/td>\n<\/tr>\n<tr>\n<td>Escolaridade<\/td>\n<td>Ensino m\u00e9dio<\/td>\n<\/tr>\n<tr>\n<td>Vagas<\/td>\n<td>5 + cadastro reserva<\/td>\n<\/tr>\n<tr>\n<td>Sal\u00e1rio inicial<\/td>\n<td>R$ 1.542,81<\/td>\n<\/tr>\n<tr>\n<td>Carga hor\u00e1ria<\/td>\n<td>40h semanais<\/td>\n<\/tr>\n<tr>\n<td>Inscri\u00e7\u00f5es<\/td>\n<td>04\/08\/2025 a 04\/09\/2025<\/td>\n<\/tr>\n<tr>\n<td>Taxa inscri\u00e7\u00e3o<\/td>\n<td>R$ 80,00<\/td>\n<\/tr>\n<tr>\n<td>Data da prova objetiva<\/td>\n<td>19\/10\/2025<\/td>\n<\/tr>\n<tr>\n<td>Edital<\/td>\n<td><a href=\"https:\/\/www.pensarcursos.com.br\/blog\/wp-content\/uploads\/2025\/08\/tangua.pdf\" target=\"_blank\" rel=\"noopener\">Edital concurso Guarda Civil Municipal de Tangu\u00e1<\/a><\/td>\n<\/tr>\n<\/tbody>\n<\/table>\n<h3>Validade do concurso<\/h3>\n<p>O concurso da Guarda Municipal de Tangu\u00e1 ter\u00e1 validade de dois anos, podendo ser prorrogado por mais dois anos. Os aprovados poder\u00e3o ser chamados durante esse per\u00edodo, conforme a ordem de classifica\u00e7\u00e3o.<\/p>\n<p>Para saber como se preparar para concursos da Guarda Municipal, continue no <a href=\"https:\/\/www.pensarcursos.com.br\/blog\/\"><strong>Pensar Cursos<\/strong><\/a>.<\/p>\n<figure id=\"attachment_114837\" aria-describedby=\"caption-attachment-114837\" style=\"width: 873px\" class=\"wp-caption aligncenter\"><img decoding=\"async\" class=\"wp-image-114837 \" title=\"Corre\u00e7\u00e3o de Provas - Concurso Guarda Municipal.\" src=\"https:\/\/www.pensarcursos.com.br\/blog\/wp-content\/uploads\/2025\/08\/Concurso4-1.jpg\" alt=\" Pessoa corrigindo prova com caneta vermelha sobre mesa de madeira.\" width=\"873\" height=\"582\" \/><figcaption id=\"caption-attachment-114837\" class=\"wp-caption-text\">Est\u00e3o abertas! Inscri\u00e7\u00f5es para 2 concursos da Guarda Municipal iniciam nesta segunda (04\/08) com sal\u00e1rios de at\u00e9 R$ 6,6 mil. Imagem: Freepik<\/figcaption><\/figure>\n<h2>Concurso Guarda Civil Municipal 2<\/h2>\n<p>O segundo edital trata do <strong>concurso da Guarda Municipal<\/strong> de Indaiatuba. A sele\u00e7\u00e3o oferece 12 vagas imediatas, sendo 10 para homens e 2 para mulheres, al\u00e9m de cadastro reserva.<\/p>\n<p>O edital prev\u00ea reserva de vagas para pessoas com defici\u00eancia e candidatos negros, seguindo a legisla\u00e7\u00e3o vigente. As inscri\u00e7\u00f5es v\u00e3o de 04 de agosto a 18 de setembro de 2025, exclusivamente pelo site da Consulplan.<\/p>\n<h3>Vagas ofertadas<\/h3>\n<ul>\n<li>10 vagas para o sexo masculino<\/li>\n<li>2 vagas para o sexo feminino<\/li>\n<li>Cadastro reserva para futuras convoca\u00e7\u00f5es<\/li>\n<li>Vagas reservadas para PCD e candidatos negros<\/li>\n<\/ul>\n<h3>Requisitos para se candidatar<\/h3>\n<ul>\n<li>Ensino m\u00e9dio completo<\/li>\n<li>Carteira Nacional de Habilita\u00e7\u00e3o (CNH) categoria AB, sem restri\u00e7\u00e3o para atividade remunerada<\/li>\n<li>Idade entre 18 e 35 anos<\/li>\n<li>Altura m\u00ednima: 1,55m (mulheres) e 1,60m (homens)<\/li>\n<\/ul>\n<h3>Remunera\u00e7\u00e3o, benef\u00edcios e carga hor\u00e1ria<\/h3>\n<p>O sal\u00e1rio inicial \u00e9 uma das grandes vantagens do concurso, podendo chegar a <strong>R$ 6.680,58<\/strong> com todos os benef\u00edcios.<\/p>\n<p>Confira a tabela detalhada:<\/p>\n<table>\n<thead>\n<tr>\n<th>Cargo<\/th>\n<th>Sal\u00e1rio Inicial<\/th>\n<th>Carga Hor\u00e1ria Semanal<\/th>\n<th>Principais Benef\u00edcios<\/th>\n<\/tr>\n<\/thead>\n<tbody>\n<tr>\n<td>Guarda Civil Municipal<\/td>\n<td>R$ 2.740,29<\/td>\n<td>40h<\/td>\n<td>Gratifica\u00e7\u00e3o de periculosidade (100%), cart\u00e3o alimenta\u00e7\u00e3o (R$ 1.200), assist\u00eancia m\u00e9dica, seguro por acidente, licen\u00e7a-pr\u00eamio, desconto transporte p\u00fablico<\/td>\n<\/tr>\n<\/tbody>\n<\/table>\n<p>O valor total, somando gratifica\u00e7\u00f5es e benef\u00edcios, chega a <strong>R$ 6.680,58<\/strong> mensais. A carga hor\u00e1ria \u00e9 de 40 horas semanais, com escalas definidas conforme necessidade do \u00f3rg\u00e3o.<\/p>\n<h3>Inscri\u00e7\u00f5es concurso Guarda Civil Municipal<\/h3>\n<p>As inscri\u00e7\u00f5es do <strong><a href=\"https:\/\/www.pensarcursos.com.br\/blog\/concurso-camara-municipal-esta-com-inscricoes-abertas-para-cargos-de-nivel-medio-salarios-de-r-6-5-mil\/\">concurso<\/a> da Guarda Municipal<\/strong> de Indaiatuba no estado de S\u00e3o Paulo (SP) devem ser feitas entre 04\/08\/2025 e 18\/09\/2025, exclusivamente pelo site da Consulplan. A taxa \u00e9 de R$ 47,00, com possibilidade de isen\u00e7\u00e3o para doadores de sangue, medula, leite materno e pessoas em situa\u00e7\u00e3o de vulnerabilidade econ\u00f4mica, conforme edital.<\/p>\n<h3>Etapas do concurso<\/h3>\n<ul>\n<li>Prova objetiva<\/li>\n<li>Teste de aptid\u00e3o f\u00edsica<\/li>\n<li>Avalia\u00e7\u00e3o m\u00e9dica<\/li>\n<li>Avalia\u00e7\u00e3o psicol\u00f3gica<\/li>\n<li>Investiga\u00e7\u00e3o social<\/li>\n<li>Exame toxicol\u00f3gico<\/li>\n<li>Curso de forma\u00e7\u00e3o (m\u00ednimo 120 dias)<\/li>\n<\/ul>\n<p>De acordo com a Prefeitura Municipal de Indaiatuba, o ingresso ocorre na classe de Aspirante, com progress\u00e3o ap\u00f3s aprova\u00e7\u00e3o no curso de forma\u00e7\u00e3o.<\/p>\n<h3>Resumo do concurso Guarda Civil Municipal de Indaiatuba<\/h3>\n<table>\n<tbody>\n<tr>\n<td>Status<\/td>\n<td>Concurso aberto<\/td>\n<\/tr>\n<tr>\n<td>Banca<\/td>\n<td>Consulplan<\/td>\n<\/tr>\n<tr>\n<td>Cargos<\/td>\n<td>Guarda Civil Municipal<\/td>\n<\/tr>\n<tr>\n<td>Escolaridade<\/td>\n<td>Ensino m\u00e9dio<\/td>\n<\/tr>\n<tr>\n<td>Vagas<\/td>\n<td>12 + cadastro reserva<\/td>\n<\/tr>\n<tr>\n<td>Sal\u00e1rio inicial<\/td>\n<td>R$ 2.740,29 + benef\u00edcios<\/td>\n<\/tr>\n<tr>\n<td>Carga hor\u00e1ria<\/td>\n<td>40h semanais<\/td>\n<\/tr>\n<tr>\n<td>Inscri\u00e7\u00f5es<\/td>\n<td>04\/08\/2025 a 18\/09\/2025<\/td>\n<\/tr>\n<tr>\n<td>Taxa inscri\u00e7\u00e3o<\/td>\n<td>R$ 47,00<\/td>\n<\/tr>\n<tr>\n<td>Data da prova objetiva<\/td>\n<td>2 de novembro<\/td>\n<\/tr>\n<tr>\n<td>Edital<\/td>\n<td><a href=\"https:\/\/www.pensarcursos.com.br\/blog\/wp-content\/uploads\/2025\/08\/indaituva.pdf\" target=\"_blank\" rel=\"noopener\">Edital concurso Guarda Civil Municipal de Indaiatuba<\/a><\/td>\n<\/tr>\n<\/tbody>\n<\/table>\n<h3>Validade do concurso Guarda Civil Municipal de Indaiatuba<\/h3>\n<p>O<a href=\"https:\/\/www.pensarcursos.com.br\/blog\/concurso-do-banco-do-brasil-quais-conteudos-voce-nao-pode-deixar-de-estudar\/\"> concurso<\/a> ter\u00e1 validade de dois anos, podendo ser prorrogado por mais dois anos. Os aprovados poder\u00e3o ser chamados durante todo esse per\u00edodo, conforme necessidade da administra\u00e7\u00e3o.<\/p>\n<h2>Dicas para se preparar para os concursos da Guarda Municipal<\/h2>\n<ul>\n<li>Estude o conte\u00fado program\u00e1tico do edital<\/li>\n<li>Pratique exerc\u00edcios f\u00edsicos regularmente<\/li>\n<li>Fique atento \u00e0s datas e prazos<\/li>\n<li>Leia atentamente todas as etapas do processo seletivo<\/li>\n<li>Busque informa\u00e7\u00f5es em fontes confi\u00e1veis, como o\u00a0<strong><a href=\"https:\/\/www.pensarcursos.com.br\/blog\/\" target=\"_blank\" rel=\"noopener\">Pensar Cursos<\/a><\/strong><\/li>\n<\/ul>\n<p>Agora que voc\u00ea conhece todos os detalhes sobre os <a href=\"https:\/\/www.pensarcursos.com.br\/blog\/8-concursos-da-guarda-municipal-com-inscricoes-abertas-em-agosto-salarios-de-ate-r-66-mil\/\">concursos<\/a> da Guarda Municipal de Indaiatuba e Tangu\u00e1, n\u00e3o deixe essa oportunidade passar. Prepare-se com dedica\u00e7\u00e3o, acompanhe os prazos e fa\u00e7a sua inscri\u00e7\u00e3o para garantir sua chance de conquistar uma carreira est\u00e1vel, com bons sal\u00e1rios e benef\u00edcios.<\/p>\n<div class=\"jeg_video_container jeg_video_content\"><iframe title=\"Como Passar no Concurso da Guarda Municipal em 2025: 4 Estrat\u00e9gias que voc\u00ea vai querer usar!\" width=\"500\" height=\"281\" src=\"https:\/\/www.youtube.com\/embed\/lXuvi5qyFxM?start=8&#038;feature=oembed\" frameborder=\"0\" allow=\"accelerometer; autoplay; clipboard-write; encrypted-media; gyroscope; picture-in-picture; web-share\" referrerpolicy=\"strict-origin-when-cross-origin\" allowfullscreen><\/iframe><\/div>\n","protected":false},"excerpt":{"rendered":"<p>O m\u00eas de agosto chega com novidades para quem busca estabilidade e bons sal\u00e1rios no servi\u00e7o p\u00fablico: dois\u00a0concursos da Guarda Municipal\u00a0abrem inscri\u00e7\u00f5es nesta segunda-feira, 04\/08. As oportunidades s\u00e3o para diferentes regi\u00f5es, com sal\u00e1rios que podem chegar a R$ 6.680,58. Se voc\u00ea sonha em ingressar na carreira de seguran\u00e7a p\u00fablica, este \u00e9 o momento de conhecer [&hellip;]<\/p>\n","protected":false},"author":17,"featured_media":114836,"comment_status":"open","ping_status":"closed","sticky":false,"template":"","format":"standard","meta":{"jnews-multi-image_gallery":[],"jnews_single_post":[],"jnews_primary_category":[],"jnews_social_meta":[],"jnews_override_counter":[],"footnotes":""},"categories":[29,17244],"tags":[31605,31604,31603,31606],"class_list":["post-114832","post","type-post","status-publish","format-standard","has-post-thumbnail","hentry","category-concursos","category-guarda-municipal","tag-concurso-guarda-de-indaiatuba","tag-concurso-guarda-de-tangua","tag-inscricoes-concursos-da-guarda-municipal","tag-vagas-concursos-guarda-municipal"],"yoast_head":"<!-- This site is optimized with the Yoast SEO Premium plugin v27.4 (Yoast SEO v27.4) - https:\/\/yoast.com\/product\/yoast-seo-premium-wordpress\/ -->\n<title>COME\u00c7OU! 2 concursos da GUARDA MUNICIPAL abrem inscri\u00e7\u00f5es nesta segunda (04\/08) - Sal\u00e1rios de at\u00e9 R$ 6,6 mil - Blog Pensar Cursos<\/title>\n<meta name=\"description\" content=\"O m\u00eas de agosto chega com novidades para quem busca estabilidade e bons sal\u00e1rios no servi\u00e7o p\u00fablico: dois\u00a0concursos da Guarda Municipal\u00a0abrem inscri\u00e7\u00f5es\" \/>\n<meta name=\"robots\" content=\"index, follow, max-snippet:-1, max-image-preview:large, max-video-preview:-1\" \/>\n<link rel=\"canonical\" href=\"https:\/\/www.pensarcursos.com.br\/blog\/comecou-2-concursos-da-guarda-municipal-abrem-inscricoes-nesta-segunda-04-08-salarios-de-ate-r-66-mil\/\" \/>\n<meta property=\"og:locale\" content=\"pt_BR\" \/>\n<meta property=\"og:type\" content=\"article\" \/>\n<meta property=\"og:title\" content=\"COME\u00c7OU! 2 concursos da GUARDA MUNICIPAL abrem inscri\u00e7\u00f5es nesta segunda (04\/08) - Sal\u00e1rios de at\u00e9 R$ 6,6 mil\" \/>\n<meta property=\"og:description\" content=\"O m\u00eas de agosto chega com novidades para quem busca estabilidade e bons sal\u00e1rios no servi\u00e7o p\u00fablico: dois\u00a0concursos da Guarda Municipal\u00a0abrem inscri\u00e7\u00f5es\" \/>\n<meta property=\"og:url\" content=\"https:\/\/www.pensarcursos.com.br\/blog\/comecou-2-concursos-da-guarda-municipal-abrem-inscricoes-nesta-segunda-04-08-salarios-de-ate-r-66-mil\/\" \/>\n<meta property=\"og:site_name\" content=\"Blog Pensar Cursos\" \/>\n<meta property=\"article:publisher\" content=\"https:\/\/www.facebook.com\/pensarcursos\/\" \/>\n<meta property=\"article:author\" content=\"https:\/\/www.facebook.com\/profile.php?id=61550018262414\" \/>\n<meta property=\"article:published_time\" content=\"2025-08-04T13:17:54+00:00\" \/>\n<meta property=\"article:modified_time\" content=\"2026-03-18T10:49:22+00:00\" \/>\n<meta property=\"og:image\" content=\"https:\/\/www.pensarcursos.com.br\/blog\/wp-content\/uploads\/2025\/08\/guarda-oficial.png\" \/>\n\t<meta property=\"og:image:width\" content=\"1300\" \/>\n\t<meta property=\"og:image:height\" content=\"862\" \/>\n\t<meta property=\"og:image:type\" content=\"image\/png\" \/>\n<meta name=\"author\" content=\"Gorete Costa\" \/>\n<meta name=\"twitter:card\" content=\"summary_large_image\" \/>\n<meta name=\"twitter:label1\" content=\"Escrito por\" \/>\n\t<meta name=\"twitter:data1\" content=\"Gorete Costa\" \/>\n\t<meta name=\"twitter:label2\" content=\"Est. tempo de leitura\" \/>\n\t<meta name=\"twitter:data2\" content=\"5 minutos\" \/>\n<!-- \/ Yoast SEO Premium plugin. -->","yoast_head_json":{"title":"COME\u00c7OU! 2 concursos da GUARDA MUNICIPAL abrem inscri\u00e7\u00f5es nesta segunda (04\/08) - Sal\u00e1rios de at\u00e9 R$ 6,6 mil - Blog Pensar Cursos","description":"O m\u00eas de agosto chega com novidades para quem busca estabilidade e bons sal\u00e1rios no servi\u00e7o p\u00fablico: dois\u00a0concursos da Guarda Municipal\u00a0abrem inscri\u00e7\u00f5es","robots":{"index":"index","follow":"follow","max-snippet":"max-snippet:-1","max-image-preview":"max-image-preview:large","max-video-preview":"max-video-preview:-1"},"canonical":"https:\/\/www.pensarcursos.com.br\/blog\/comecou-2-concursos-da-guarda-municipal-abrem-inscricoes-nesta-segunda-04-08-salarios-de-ate-r-66-mil\/","og_locale":"pt_BR","og_type":"article","og_title":"COME\u00c7OU! 2 concursos da GUARDA MUNICIPAL abrem inscri\u00e7\u00f5es nesta segunda (04\/08) - Sal\u00e1rios de at\u00e9 R$ 6,6 mil","og_description":"O m\u00eas de agosto chega com novidades para quem busca estabilidade e bons sal\u00e1rios no servi\u00e7o p\u00fablico: dois\u00a0concursos da Guarda Municipal\u00a0abrem inscri\u00e7\u00f5es","og_url":"https:\/\/www.pensarcursos.com.br\/blog\/comecou-2-concursos-da-guarda-municipal-abrem-inscricoes-nesta-segunda-04-08-salarios-de-ate-r-66-mil\/","og_site_name":"Blog Pensar Cursos","article_publisher":"https:\/\/www.facebook.com\/pensarcursos\/","article_author":"https:\/\/www.facebook.com\/profile.php?id=61550018262414","article_published_time":"2025-08-04T13:17:54+00:00","article_modified_time":"2026-03-18T10:49:22+00:00","og_image":[{"width":1300,"height":862,"url":"https:\/\/www.pensarcursos.com.br\/blog\/wp-content\/uploads\/2025\/08\/guarda-oficial.png","type":"image\/png"}],"author":"Gorete Costa","twitter_card":"summary_large_image","twitter_misc":{"Escrito por":"Gorete Costa","Est. tempo de leitura":"5 minutos"},"schema":{"@context":"https:\/\/schema.org","@graph":[{"@type":["Article","BlogPosting"],"@id":"https:\/\/www.pensarcursos.com.br\/blog\/comecou-2-concursos-da-guarda-municipal-abrem-inscricoes-nesta-segunda-04-08-salarios-de-ate-r-66-mil\/#article","isPartOf":{"@id":"https:\/\/www.pensarcursos.com.br\/blog\/comecou-2-concursos-da-guarda-municipal-abrem-inscricoes-nesta-segunda-04-08-salarios-de-ate-r-66-mil\/"},"author":{"name":"Gorete Costa","@id":"https:\/\/www.pensarcursos.com.br\/blog\/#\/schema\/person\/e133b19d62595d6ab0c12f3e5436a7bb"},"headline":"COME\u00c7OU! 2 concursos da GUARDA MUNICIPAL abrem inscri\u00e7\u00f5es nesta segunda (04\/08) &#8211; Sal\u00e1rios de at\u00e9 R$ 6,6 mil","datePublished":"2025-08-04T13:17:54+00:00","dateModified":"2026-03-18T10:49:22+00:00","mainEntityOfPage":{"@id":"https:\/\/www.pensarcursos.com.br\/blog\/comecou-2-concursos-da-guarda-municipal-abrem-inscricoes-nesta-segunda-04-08-salarios-de-ate-r-66-mil\/"},"wordCount":1006,"commentCount":0,"publisher":{"@id":"https:\/\/www.pensarcursos.com.br\/blog\/#organization"},"image":{"@id":"https:\/\/www.pensarcursos.com.br\/blog\/comecou-2-concursos-da-guarda-municipal-abrem-inscricoes-nesta-segunda-04-08-salarios-de-ate-r-66-mil\/#primaryimage"},"thumbnailUrl":"https:\/\/www.pensarcursos.com.br\/blog\/wp-content\/uploads\/2025\/08\/guarda-oficial.png","keywords":["concurso guarda de indaiatuba","concurso guarda de tangu\u00e1","inscri\u00e7\u00f5es concursos da guarda municipal","vagas concursos guarda municipal"],"articleSection":["Concursos P\u00fablicos","Guarda Municipal"],"inLanguage":"pt-BR","potentialAction":[{"@type":"CommentAction","name":"Comment","target":["https:\/\/www.pensarcursos.com.br\/blog\/comecou-2-concursos-da-guarda-municipal-abrem-inscricoes-nesta-segunda-04-08-salarios-de-ate-r-66-mil\/#respond"]}],"copyrightYear":"2025","copyrightHolder":{"@id":"https:\/\/www.pensarcursos.com.br\/blog\/#organization"}},{"@type":"WebPage","@id":"https:\/\/www.pensarcursos.com.br\/blog\/comecou-2-concursos-da-guarda-municipal-abrem-inscricoes-nesta-segunda-04-08-salarios-de-ate-r-66-mil\/","url":"https:\/\/www.pensarcursos.com.br\/blog\/comecou-2-concursos-da-guarda-municipal-abrem-inscricoes-nesta-segunda-04-08-salarios-de-ate-r-66-mil\/","name":"COME\u00c7OU! 2 concursos da GUARDA MUNICIPAL abrem inscri\u00e7\u00f5es nesta segunda (04\/08) - Sal\u00e1rios de at\u00e9 R$ 6,6 mil - Blog Pensar Cursos","isPartOf":{"@id":"https:\/\/www.pensarcursos.com.br\/blog\/#website"},"primaryImageOfPage":{"@id":"https:\/\/www.pensarcursos.com.br\/blog\/comecou-2-concursos-da-guarda-municipal-abrem-inscricoes-nesta-segunda-04-08-salarios-de-ate-r-66-mil\/#primaryimage"},"image":{"@id":"https:\/\/www.pensarcursos.com.br\/blog\/comecou-2-concursos-da-guarda-municipal-abrem-inscricoes-nesta-segunda-04-08-salarios-de-ate-r-66-mil\/#primaryimage"},"thumbnailUrl":"https:\/\/www.pensarcursos.com.br\/blog\/wp-content\/uploads\/2025\/08\/guarda-oficial.png","datePublished":"2025-08-04T13:17:54+00:00","dateModified":"2026-03-18T10:49:22+00:00","description":"O m\u00eas de agosto chega com novidades para quem busca estabilidade e bons sal\u00e1rios no servi\u00e7o p\u00fablico: dois\u00a0concursos da Guarda Municipal\u00a0abrem inscri\u00e7\u00f5es","breadcrumb":{"@id":"https:\/\/www.pensarcursos.com.br\/blog\/comecou-2-concursos-da-guarda-municipal-abrem-inscricoes-nesta-segunda-04-08-salarios-de-ate-r-66-mil\/#breadcrumb"},"inLanguage":"pt-BR","potentialAction":[{"@type":"ReadAction","target":["https:\/\/www.pensarcursos.com.br\/blog\/comecou-2-concursos-da-guarda-municipal-abrem-inscricoes-nesta-segunda-04-08-salarios-de-ate-r-66-mil\/"]}]},{"@type":"ImageObject","inLanguage":"pt-BR","@id":"https:\/\/www.pensarcursos.com.br\/blog\/comecou-2-concursos-da-guarda-municipal-abrem-inscricoes-nesta-segunda-04-08-salarios-de-ate-r-66-mil\/#primaryimage","url":"https:\/\/www.pensarcursos.com.br\/blog\/wp-content\/uploads\/2025\/08\/guarda-oficial.png","contentUrl":"https:\/\/www.pensarcursos.com.br\/blog\/wp-content\/uploads\/2025\/08\/guarda-oficial.png","width":1300,"height":862,"caption":"Inscri\u00e7\u00f5es abertas para concursos da Guarda Municipal com sal\u00e1rios de at\u00e9 R$ 6,6 mil. Imagem: Governo Federal"},{"@type":"BreadcrumbList","@id":"https:\/\/www.pensarcursos.com.br\/blog\/comecou-2-concursos-da-guarda-municipal-abrem-inscricoes-nesta-segunda-04-08-salarios-de-ate-r-66-mil\/#breadcrumb","itemListElement":[{"@type":"ListItem","position":1,"name":"Home","item":"https:\/\/www.pensarcursos.com.br\/blog\/"},{"@type":"ListItem","position":2,"name":"COME\u00c7OU! 2 concursos da GUARDA MUNICIPAL abrem inscri\u00e7\u00f5es nesta segunda (04\/08) &#8211; Sal\u00e1rios de at\u00e9 R$ 6,6 mil"}]},{"@type":"WebSite","@id":"https:\/\/www.pensarcursos.com.br\/blog\/#website","url":"https:\/\/www.pensarcursos.com.br\/blog\/","name":"Blog Pensar Cursos","description":"Maior Site de Cursos do Brasil","publisher":{"@id":"https:\/\/www.pensarcursos.com.br\/blog\/#organization"},"alternateName":"Blog Pensar","potentialAction":[{"@type":"SearchAction","target":{"@type":"EntryPoint","urlTemplate":"https:\/\/www.pensarcursos.com.br\/blog\/?s={search_term_string}"},"query-input":{"@type":"PropertyValueSpecification","valueRequired":true,"valueName":"search_term_string"}}],"inLanguage":"pt-BR"},{"@type":"Organization","@id":"https:\/\/www.pensarcursos.com.br\/blog\/#organization","name":"Pensar Cursos","alternateName":"Blog pensar","url":"https:\/\/www.pensarcursos.com.br\/blog\/","logo":{"@type":"ImageObject","inLanguage":"pt-BR","@id":"https:\/\/www.pensarcursos.com.br\/blog\/#\/schema\/logo\/image\/","url":"https:\/\/www.pensarcursos.com.br\/blog\/wp-content\/uploads\/2023\/11\/Nova-Logo-Pensar-Cursos-vertical.png","contentUrl":"https:\/\/www.pensarcursos.com.br\/blog\/wp-content\/uploads\/2023\/11\/Nova-Logo-Pensar-Cursos-vertical.png","width":1393,"height":1001,"caption":"Pensar Cursos"},"image":{"@id":"https:\/\/www.pensarcursos.com.br\/blog\/#\/schema\/logo\/image\/"},"sameAs":["https:\/\/www.facebook.com\/pensarcursos\/","https:\/\/instagram.com.br\/pensarcursos"],"description":"Pensar Cursos \u00e9 uma empresa especializada em oferecer cursos de alta qualidade voltados para o desenvolvimento profissional e acad\u00eamico. Com uma ampla gama de op\u00e7\u00f5es de treinamento, oferecemos conte\u00fados atualizados, ministrados por especialistas da \u00e1rea, para capacitar indiv\u00edduos e equipes a atingirem seus objetivos. Nossa miss\u00e3o \u00e9 proporcionar uma educa\u00e7\u00e3o transformadora, acess\u00edvel e personalizada para cada aluno, seja em cursos presenciais ou online. Com uma abordagem inovadora, buscamos adaptar os nossos programas de ensino \u00e0s necessidades do mercado, criando solu\u00e7\u00f5es que atendem aos desafios e exig\u00eancias do mundo corporativo e acad\u00eamico. Nossos cursos incluem desde forma\u00e7\u00f5es t\u00e9cnicas at\u00e9 habilidades essenciais, como lideran\u00e7a, gest\u00e3o e desenvolvimento pessoal.","email":"contato@pensarcursos.com.br","legalName":"Sena Servi\u00e7os de Informa\u00e7\u00e3o Online LTDA","foundingDate":"2013-04-18","vatID":"17956217000172","numberOfEmployees":{"@type":"QuantitativeValue","minValue":"11","maxValue":"50"},"publishingPrinciples":"https:\/\/www.pensarcursos.com.br\/blog\/principios-de-publicacao\/","ownershipFundingInfo":"https:\/\/www.pensarcursos.com.br\/blog\/informacoes-de-propriedade-financiamento\/","actionableFeedbackPolicy":"https:\/\/www.pensarcursos.com.br\/blog\/politica-de-feedback-acionavel\/","correctionsPolicy":"https:\/\/www.pensarcursos.com.br\/blog\/politica-de-correcoes\/","ethicsPolicy":"https:\/\/www.pensarcursos.com.br\/blog\/politica-de-etica\/"},{"@type":"Person","@id":"https:\/\/www.pensarcursos.com.br\/blog\/#\/schema\/person\/e133b19d62595d6ab0c12f3e5436a7bb","name":"Gorete Costa","image":{"@type":"ImageObject","inLanguage":"pt-BR","@id":"https:\/\/secure.gravatar.com\/avatar\/8cb99f142e1cb1312d8c202378c20dc4f7210145acc22805481f4a3f47ce9b6f?s=96&d=mm&r=g","url":"https:\/\/secure.gravatar.com\/avatar\/8cb99f142e1cb1312d8c202378c20dc4f7210145acc22805481f4a3f47ce9b6f?s=96&d=mm&r=g","contentUrl":"https:\/\/secure.gravatar.com\/avatar\/8cb99f142e1cb1312d8c202378c20dc4f7210145acc22805481f4a3f47ce9b6f?s=96&d=mm&r=g","caption":"Gorete Costa"},"description":"Graduada em Servi\u00e7o Social pela Universidade do Norte do Paran\u00e1 (Unopar), Gorete Costa \u00e9 especialista em comunica\u00e7\u00e3o, atuando como radialista em programas jornal\u00edsticos e de entretenimento, al\u00e9m de produ\u00e7\u00e3o e revis\u00e3o de textos informativos para sites e blogs.","sameAs":["https:\/\/www.facebook.com\/profile.php?id=61550018262414"],"url":"https:\/\/www.pensarcursos.com.br\/blog\/author\/gorete\/"}]}},"_links":{"self":[{"href":"https:\/\/www.pensarcursos.com.br\/blog\/wp-json\/wp\/v2\/posts\/114832","targetHints":{"allow":["GET"]}}],"collection":[{"href":"https:\/\/www.pensarcursos.com.br\/blog\/wp-json\/wp\/v2\/posts"}],"about":[{"href":"https:\/\/www.pensarcursos.com.br\/blog\/wp-json\/wp\/v2\/types\/post"}],"author":[{"embeddable":true,"href":"https:\/\/www.pensarcursos.com.br\/blog\/wp-json\/wp\/v2\/users\/17"}],"replies":[{"embeddable":true,"href":"https:\/\/www.pensarcursos.com.br\/blog\/wp-json\/wp\/v2\/comments?post=114832"}],"version-history":[{"count":0,"href":"https:\/\/www.pensarcursos.com.br\/blog\/wp-json\/wp\/v2\/posts\/114832\/revisions"}],"wp:featuredmedia":[{"embeddable":true,"href":"https:\/\/www.pensarcursos.com.br\/blog\/wp-json\/wp\/v2\/media\/114836"}],"wp:attachment":[{"href":"https:\/\/www.pensarcursos.com.br\/blog\/wp-json\/wp\/v2\/media?parent=114832"}],"wp:term":[{"taxonomy":"category","embeddable":true,"href":"https:\/\/www.pensarcursos.com.br\/blog\/wp-json\/wp\/v2\/categories?post=114832"},{"taxonomy":"post_tag","embeddable":true,"href":"https:\/\/www.pensarcursos.com.br\/blog\/wp-json\/wp\/v2\/tags?post=114832"}],"curies":[{"name":"wp","href":"https:\/\/api.w.org\/{rel}","templated":true}]}}