{"id":112918,"date":"2025-07-15T13:39:41","date_gmt":"2025-07-15T16:39:41","guid":{"rendered":"https:\/\/www.pensarcursos.com.br\/blog\/?p=112918"},"modified":"2025-07-15T13:37:56","modified_gmt":"2025-07-15T16:37:56","slug":"saiu-edital-novo-concurso-guarda-municipal-com-100-vagas-e-salarios-de-r-27-mil-mais-beneficios-abre-inscricoes-em-16-07","status":"publish","type":"post","link":"https:\/\/www.pensarcursos.com.br\/blog\/saiu-edital-novo-concurso-guarda-municipal-com-100-vagas-e-salarios-de-r-27-mil-mais-beneficios-abre-inscricoes-em-16-07\/","title":{"rendered":"SAIU EDITAL! Novo concurso GUARDA MUNICIPAL com 100 vagas e sal\u00e1rios de R$ 2,7 mil mais benef\u00edcios abre inscri\u00e7\u00f5es em 16\/07"},"content":{"rendered":"<p>Que tal garantir um emprego p\u00fablico com sal\u00e1rio base de <strong>R$ 2.707,25<\/strong> e ainda receber um pacote completo de benef\u00edcios? Essa oportunidade est\u00e1 de portas abertas a partir de amanh\u00e3, 16 de julho! O novo concurso da Guarda Municipal oferece <strong>100 vagas<\/strong> com vantagens que fazem toda a diferen\u00e7a. Confira:<\/p>\n<ul>\n<li>Vale alimenta\u00e7\u00e3o: R$ 545,70<\/li>\n<li>Aux\u00edlio sa\u00fade: R$ 133,40<\/li>\n<li>Vale transporte incluso<\/li>\n<li>Gratifica\u00e7\u00e3o de 30% sobre o vencimento<\/li>\n<\/ul>\n<p>Com isso, a remunera\u00e7\u00e3o mensal chega a mais de <strong>R$ 4.100,00 por m\u00eas!<\/strong> Mas aten\u00e7\u00e3o, o concurso Guarda Municipal rec\u00e9m-divulgado abre as inscri\u00e7\u00f5es j\u00e1 nesta quarta-feira, 16 de julho! N\u00e3o perca tempo!<\/p>\n<p>Para quem busca estabilidade no servi\u00e7o p\u00fablico e uma carreira s\u00f3lida na \u00e1rea de seguran\u00e7a p\u00fablica, esta \u00e9 uma oportunidade imperd\u00edvel que exige a\u00e7\u00e3o imediata. Quer conhecer todos os detalhes sobre requisitos, etapas da sele\u00e7\u00e3o e como se inscrever? Continue lendo e garanta sua vaga!<\/p>\n<h2>Detalhes do concurso Guarda Municipal<\/h2>\n<p>O edital divulgado na manh\u00e3 desta ter\u00e7a-feira, 15 de julho, prev\u00ea <strong>100 vagas imediatas<\/strong> para o cargo de Guarda Civil Municipal<strong> 3\u00aa Classe<\/strong>, al\u00e9m da forma\u00e7\u00e3o de cadastro reserva. A distribui\u00e7\u00e3o inclui vagas para ampla concorr\u00eancia (AC), pessoas com defici\u00eancia (PCD) e candidatos negros (N), conforme especificado no edital oficial.<\/p>\n<h3>Sal\u00e1rio e benef\u00edcios<\/h3>\n<p>O sal\u00e1rio inicial \u00e9 de <strong>R$ 2.707,25<\/strong> para jornada de 40 horas semanais. Al\u00e9m da remunera\u00e7\u00e3o base, os aprovados ter\u00e3o direito a benef\u00edcios adicionais que valorizam ainda mais a carreira na seguran\u00e7a p\u00fablica municipal.<\/p>\n<p>Segundo o edital, os candidatos aprovados e nomeados ter\u00e3o direito aos seguintes benef\u00edcios:<\/p>\n<ul>\n<li>Transporte P\u00fablico subsidiado;<\/li>\n<li>Vale-refei\u00e7\u00e3o no valor de R$ 545,70;<\/li>\n<li>Aux\u00edlio-sa\u00fade no valor de R$ 133,40;<\/li>\n<li>Adicional de 30% sobre o sal\u00e1rio base em raz\u00e3o do desempenho das fun\u00e7\u00f5es.<\/li>\n<\/ul>\n<h2>Requisitos para participar do concurso<\/h2>\n<p>Para concorrer a uma das vagas no <a href=\"https:\/\/www.pensarcursos.com.br\/blog\/atencao-concurseiros-vem-ai-novo-concurso-guarda-municipal-com-ate-500-vagas-e-iniciais-de-r-88-mil\/\">concurso<\/a> Guarda Municipal, os candidatos devem atender crit\u00e9rios espec\u00edficos estabelecidos no edital.<\/p>\n<h3>Escolaridade e idade<\/h3>\n<ul>\n<li>Ensino m\u00e9dio completo ou equivalente<\/li>\n<li>Idade m\u00ednima de 21 anos no dia do encerramento das inscri\u00e7\u00f5es<\/li>\n<\/ul>\n<h3>Requisitos F\u00edsicos<\/h3>\n<ul>\n<li>Estatura m\u00ednima de 1,60m para candidatas do sexo feminino<\/li>\n<li>Estatura m\u00ednima de 1,68m para candidatos do sexo masculino<\/li>\n<\/ul>\n<h3>Habilita\u00e7\u00e3o Obrigat\u00f3ria<\/h3>\n<ul>\n<li>CNH categoria &#8220;A&#8221; ou &#8220;C&#8221; v\u00e1lida h\u00e1 mais de dois anos<\/li>\n<li>Estar apto a dirigir no momento da inscri\u00e7\u00e3o<\/li>\n<\/ul>\n<h2>Como fazer a inscri\u00e7\u00e3o no concurso Guarda Municipal<\/h2>\n<p>As inscri\u00e7\u00f5es para o <a href=\"https:\/\/www.pensarcursos.com.br\/blog\/saiu-edital-novo-concurso-guarda-municipal-com-25-vagas-abre-inscricoes-nesta-sexta-11-salarios-de-ate-r-34-mil\/\">concurso<\/a> Guarda Municipal acontecem exclusivamente online, atrav\u00e9s do site oficial do <a href=\"https:\/\/www.institutomais.org.br\/\" target=\"_blank\" rel=\"noopener\">Instituto Mais<\/a>. O per\u00edodo de inscri\u00e7\u00e3o \u00e9 limitado e deve ser respeitado rigorosamente.<\/p>\n<h3>Per\u00edodo de inscri\u00e7\u00f5es<\/h3>\n<ul>\n<li>In\u00edcio: 16 de julho de 2025, \u00e0s 10h<\/li>\n<li>T\u00e9rmino: 14 de agosto de 2025, \u00e0s 17h<\/li>\n<li>Hor\u00e1rio: Bras\u00edlia\/DF<\/li>\n<\/ul>\n<h3>Taxa de inscri\u00e7\u00e3o<\/h3>\n<p>A taxa de inscri\u00e7\u00e3o \u00e9 de R$ 78,00.<\/p>\n<h3>Isen\u00e7\u00e3o da taxa<\/h3>\n<p>Candidatos que se enquadrem nos crit\u00e9rios estabelecidos podem solicitar isen\u00e7\u00e3o da taxa de inscri\u00e7\u00e3o entre os dias 16 e 17 de julho de 2025.<\/p>\n<p>Vale conferir o<strong>\u00a0<a href=\"https:\/\/www.pensarcursos.com.br\/\">Pensar Cursos<\/a><\/strong>, que oferece diversos materiais sobre concursos p\u00fablicos, focados na prepara\u00e7\u00e3o para\u00a0<a href=\"https:\/\/www.pensarcursos.com.br\/blog\/concursos\/guarda-municipal\/\">sele\u00e7\u00f5es para a Guarda Municipal<\/a>.<\/p>\n<figure id=\"attachment_112921\" aria-describedby=\"caption-attachment-112921\" style=\"width: 1275px\" class=\"wp-caption alignnone\"><img decoding=\"async\" class=\"size-full wp-image-112921\" title=\"Prepara\u00e7\u00e3o para o concurso da Guarda Municipal de Diadema.\" src=\"https:\/\/www.pensarcursos.com.br\/blog\/wp-content\/uploads\/2025\/07\/concurso9-7.jpg\" alt=\"M\u00e3o escrevendo em um caderno com uma caneta, representando o estudo e prepara\u00e7\u00e3o para o concurso da Guarda Municipal de Diadema.\" width=\"1275\" height=\"731\" \/><figcaption id=\"caption-attachment-112921\" class=\"wp-caption-text\">Conhe\u00e7a as etapas do concurso Guarda Municipal da cidade de Diadema. Imagem: Freepik<\/figcaption><\/figure>\n<h2>Etapas do concurso<\/h2>\n<p>O <a href=\"https:\/\/www.pensarcursos.com.br\/blog\/saiu-edital-com-salarios-de-ate-r-13-mil-prefeito-confirma-novo-concurso-guarda-municipal-com-100-vagas\/\">concurso<\/a> Guarda Municipal da cidade de Diadema, no estado de S\u00e3o Paulo (SP), ser\u00e1 composto pelas seguintes etapas:<\/p>\n<h3>Primeira etapa: prova escrita<\/h3>\n<p>Data: <strong>21 de setembro de 2025 no turno da manh\u00e3<\/strong><\/p>\n<p>A prova escrita ser\u00e1 composta por quest\u00f5es objetivas e discursivas, abordando:<\/p>\n<ul>\n<li>L\u00edngua portuguesa<\/li>\n<li>Racioc\u00ednio l\u00f3gico-matem\u00e1tico<\/li>\n<li>Conhecimentos b\u00e1sicos de legisla\u00e7\u00e3o municipal<\/li>\n<li>Conhecimentos espec\u00edficos<\/li>\n<\/ul>\n<h3>Segunda etapa: exame antropom\u00e9trico e Teste de Aptid\u00e3o F\u00edsica<\/h3>\n<p><strong>Data<\/strong>: 8 e\/ou 9 de novembro de 2025<\/p>\n<p>Esta etapa verifica se os candidatos atendem aos requisitos f\u00edsicos estabelecidos no edital e possuem condicionamento adequado para as atividades da fun\u00e7\u00e3o.<\/p>\n<h3>Terceira etapa: avalia\u00e7\u00e3o psicol\u00f3gica<\/h3>\n<p><strong>Data<\/strong>: 6 e\/ou 7 de dezembro de 2025<\/p>\n<p>A avalia\u00e7\u00e3o psicol\u00f3gica analisa o perfil comportamental dos candidatos, verificando compatibilidade com as demandas do cargo.<\/p>\n<h3>Quarta etapa: investiga\u00e7\u00e3o social<\/h3>\n<p>A investiga\u00e7\u00e3o social \u00e9 a etapa final, onde ser\u00e1 analisado o hist\u00f3rico pessoal e profissional dos candidatos, verificando idoneidade e adequa\u00e7\u00e3o ao cargo p\u00fablico.<\/p>\n<h2>Validade do concurso<\/h2>\n<p>O concurso Guarda Municipal da cidade de Diadema ter\u00e1 validade de dois anos, contados da data de homologa\u00e7\u00e3o dos resultados. Este prazo pode ser prorrogado uma \u00fanica vez por igual per\u00edodo, a crit\u00e9rio da administra\u00e7\u00e3o.<\/p>\n<h2>Resumo do conte\u00fado program\u00e1tico &#8211; Concurso Guarda Municipal<\/h2>\n<p>Veja abaixo um resumo do conte\u00fado program\u00e1tico do Guarda Municipal de Diadema, de acordo com o <a href=\"https:\/\/www.pensarcursos.com.br\/blog\/wp-content\/uploads\/2025\/07\/Diadema.pdf\" target=\"_blank\" rel=\"noopener\">edital<\/a>:<\/p>\n<h3>L\u00cdNGUA PORTUGUESA<\/h3>\n<ul>\n<li>Interpreta\u00e7\u00e3o de textos e significa\u00e7\u00e3o das palavras<\/li>\n<li>Ortografia oficial e pontua\u00e7\u00e3o<\/li>\n<li>Acentua\u00e7\u00e3o e classes de palavras<\/li>\n<li>Concord\u00e2ncia verbal e nominal<\/li>\n<li>Reg\u00eancia verbal e nominal<\/li>\n<li>Crase e coloca\u00e7\u00e3o pronominal<\/li>\n<\/ul>\n<h3>RACIOC\u00cdNIO L\u00d3GICO-MATEM\u00c1TICO<\/h3>\n<ul>\n<li>N\u00fameros inteiros e racionais (opera\u00e7\u00f5es e propriedades)<\/li>\n<li>Propor\u00e7\u00f5es: raz\u00e3o, regra de tr\u00eas, divis\u00e3o proporcional<\/li>\n<li>Porcentagem e juros simples<\/li>\n<li>Sistema de medidas e geometria b\u00e1sica (\u00e1rea e volume)<\/li>\n<li>Racioc\u00ednio l\u00f3gico e sequencial<\/li>\n<li>Resolu\u00e7\u00e3o de problemas com hip\u00f3teses e conclus\u00f5es<\/li>\n<\/ul>\n<h3>LEGISLA\u00c7\u00c3O MUNICIPAL<\/h3>\n<ul>\n<li>Estatuto dos Funcion\u00e1rios P\u00fablicos de Diadema (Lei Complementar 08\/1991)<\/li>\n<li>Lei Complementar 298\/2009 (atualizadas)<\/li>\n<\/ul>\n<h3>CONHECIMENTOS ESPEC\u00cdFICOS<\/h3>\n<p>Constitui\u00e7\u00e3o Federal:<\/p>\n<ul>\n<li>Princ\u00edpios fundamentais<\/li>\n<li>Direitos e garantias fundamentais<\/li>\n<li>Artigo 144 (seguran\u00e7a p\u00fablica)<\/li>\n<\/ul>\n<p>Legisla\u00e7\u00f5es principais:<\/p>\n<ul>\n<li>Declara\u00e7\u00e3o Universal dos Direitos Humanos (1948)<\/li>\n<li>C\u00f3digo de Tr\u00e2nsito Brasileiro<\/li>\n<li>Estatuto da Crian\u00e7a e do Adolescente (Lei 8.069\/1990)<\/li>\n<li>Estatuto da Pessoa Idosa (Lei 10.741\/2003)<\/li>\n<li>Estatuto da Pessoa com Defici\u00eancia (Lei 13.146\/2015)<\/li>\n<li>Lei Maria da Penha (Lei 11.340\/2006)<\/li>\n<li>Lei de Crimes Ambientais (Lei 9.605\/1998)<\/li>\n<li>Estatuto das Guardas Municipais (Lei 13.022\/2014)<\/li>\n<li>Sistema \u00danico de Seguran\u00e7a P\u00fablica (Lei 13.675\/2018)<\/li>\n<li>Estatuto do Desarmamento (Lei 10.826\/2003)<\/li>\n<li>C\u00f3digo Penal: artigos 121-183 e 312-337<\/li>\n<\/ul>\n<p>Dica importante: Todas as leis devem ser estudadas em suas vers\u00f5es atualizadas, incluindo altera\u00e7\u00f5es e emendas posteriores.<\/p>\n<p>Se voc\u00ea busca uma oportunidade de estabilidade no setor p\u00fablico, o concurso da Guarda Municipal de Diadema oferece o que voc\u00ea procura. N\u00e3o deixe passar essa chance! Inscreva-se de 16 de julho a 14 de agosto e inicie sua prepara\u00e7\u00e3o para garantir uma vaga.<\/p>\n<h2>D\u00favidas frequentes<\/h2>\n<p><strong>1. Qual \u00e9 o sal\u00e1rio inicial para Guarda Civil Municipal?<\/strong><\/p>\n<p>O sal\u00e1rio inicial \u00e9 de R$ 2.707,25 para jornada de 40 horas semanais, acrescido de benef\u00edcios.<\/p>\n<p><strong>2. Quais s\u00e3o os requisitos m\u00ednimos para participar?<\/strong><\/p>\n<p>Ensino m\u00e9dio completo, idade m\u00ednima de 21 anos, CNH categoria &#8220;A&#8221; ou &#8220;C&#8221; h\u00e1 mais de dois anos, idade e estatura m\u00ednima conforme especificado no edital.<\/p>\n<p><strong>3. Quando come\u00e7am as inscri\u00e7\u00f5es?<\/strong><\/p>\n<p>As inscri\u00e7\u00f5es come\u00e7am em 16 de julho de 2025, \u00e0s 10h, e terminam em 14 de agosto de 2025, \u00e0s 17h.<\/p>\n<p><strong>4. Qual \u00e9 a taxa de inscri\u00e7\u00e3o?<\/strong><\/p>\n<p>A taxa de inscri\u00e7\u00e3o \u00e9 de R$ 78,00.<\/p>\n<p><strong>5. Quantas vagas s\u00e3o oferecidas?<\/strong><\/p>\n<p>S\u00e3o oferecidas 100 vagas imediatas, al\u00e9m da forma\u00e7\u00e3o de cadastro reserva.<\/p>\n<p><strong>6. Como posso solicitar isen\u00e7\u00e3o da taxa?<\/strong><\/p>\n<p>A solicita\u00e7\u00e3o de isen\u00e7\u00e3o pode ser feita entre os dias 16 e 17 de julho de 2025, conforme crit\u00e9rios do edital.<\/p>\n<p><strong>7. Quando ser\u00e1 aplicada a prova?<\/strong><\/p>\n<p>A prova escrita est\u00e1 prevista para 21 de setembro de 2025.<\/p>\n<p><strong>8. Qual a validade do concurso?<\/strong><\/p>\n<p>O concurso ter\u00e1 validade de dois anos, prorrog\u00e1vel uma \u00fanica vez por igual per\u00edodo.<\/p>\n<div class=\"jeg_video_container jeg_video_content\"><iframe title=\"Podcast Giro NC #02 - TSE com 600 mil inscritos HOMOLOGADO + Sal\u00e1rios at\u00e9 R$27 mil e Vagas INCR\u00cdVEIS\" width=\"500\" height=\"281\" src=\"https:\/\/www.youtube.com\/embed\/XBNXzcGy6Cw?start=80&#038;feature=oembed\" frameborder=\"0\" allow=\"accelerometer; autoplay; clipboard-write; encrypted-media; gyroscope; picture-in-picture; web-share\" referrerpolicy=\"strict-origin-when-cross-origin\" allowfullscreen><\/iframe><\/div>\n","protected":false},"excerpt":{"rendered":"<p>Que tal garantir um emprego p\u00fablico com sal\u00e1rio base de R$ 2.707,25 e ainda receber um pacote completo de benef\u00edcios? Essa oportunidade est\u00e1 de portas abertas a partir de amanh\u00e3, 16 de julho! O novo concurso da Guarda Municipal oferece 100 vagas com vantagens que fazem toda a diferen\u00e7a. Confira: Vale alimenta\u00e7\u00e3o: R$ 545,70 Aux\u00edlio [&hellip;]<\/p>\n","protected":false},"author":17,"featured_media":112920,"comment_status":"open","ping_status":"closed","sticky":false,"template":"","format":"standard","meta":{"jnews-multi-image_gallery":[],"jnews_single_post":[],"jnews_primary_category":[],"jnews_social_meta":[],"jnews_override_counter":[],"footnotes":""},"categories":[29],"tags":[29698,30801,29699],"class_list":["post-112918","post","type-post","status-publish","format-standard","has-post-thumbnail","hentry","category-concursos","tag-edital-concurso-guarda-municipal-de-diadema","tag-inscricoes-concurso-guarda-municipal-de-diadema","tag-vagas-concurso-guarda-municipal-de-diadema"],"yoast_head":"<!-- This site is optimized with the Yoast SEO Premium plugin v27.5 (Yoast SEO v27.5) - https:\/\/yoast.com\/product\/yoast-seo-premium-wordpress\/ -->\n<title>SAIU EDITAL! Novo concurso GUARDA MUNICIPAL com 100 vagas e sal\u00e1rios de R$ 2,7 mil mais benef\u00edcios abre inscri\u00e7\u00f5es em 16\/07 - Blog Pensar Cursos<\/title>\n<meta name=\"description\" content=\"Que tal garantir um emprego p\u00fablico com sal\u00e1rio base de R$ 2.707,25 e ainda receber um pacote completo de benef\u00edcios? Essa oportunidade est\u00e1 de portas\" \/>\n<meta name=\"robots\" content=\"index, follow, max-snippet:-1, max-image-preview:large, max-video-preview:-1\" \/>\n<link rel=\"canonical\" href=\"https:\/\/www.pensarcursos.com.br\/blog\/saiu-edital-novo-concurso-guarda-municipal-com-100-vagas-e-salarios-de-r-27-mil-mais-beneficios-abre-inscricoes-em-16-07\/\" \/>\n<meta property=\"og:locale\" content=\"pt_BR\" \/>\n<meta property=\"og:type\" content=\"article\" \/>\n<meta property=\"og:title\" content=\"SAIU EDITAL! Novo concurso GUARDA MUNICIPAL com 100 vagas e sal\u00e1rios de R$ 2,7 mil mais benef\u00edcios abre inscri\u00e7\u00f5es em 16\/07\" \/>\n<meta property=\"og:description\" content=\"Que tal garantir um emprego p\u00fablico com sal\u00e1rio base de R$ 2.707,25 e ainda receber um pacote completo de benef\u00edcios? Essa oportunidade est\u00e1 de portas\" \/>\n<meta property=\"og:url\" content=\"https:\/\/www.pensarcursos.com.br\/blog\/saiu-edital-novo-concurso-guarda-municipal-com-100-vagas-e-salarios-de-r-27-mil-mais-beneficios-abre-inscricoes-em-16-07\/\" \/>\n<meta property=\"og:site_name\" content=\"Blog Pensar Cursos\" \/>\n<meta property=\"article:publisher\" content=\"https:\/\/www.facebook.com\/pensarcursos\/\" \/>\n<meta property=\"article:author\" content=\"https:\/\/www.facebook.com\/profile.php?id=61550018262414\" \/>\n<meta property=\"article:published_time\" content=\"2025-07-15T16:39:41+00:00\" \/>\n<meta property=\"og:image\" content=\"https:\/\/www.pensarcursos.com.br\/blog\/wp-content\/uploads\/2025\/07\/guarda-municipal-750x430-2.png\" \/>\n\t<meta property=\"og:image:width\" content=\"1275\" \/>\n\t<meta property=\"og:image:height\" content=\"731\" \/>\n\t<meta property=\"og:image:type\" content=\"image\/png\" \/>\n<meta name=\"author\" content=\"Gorete Costa\" \/>\n<meta name=\"twitter:card\" content=\"summary_large_image\" \/>\n<meta name=\"twitter:label1\" content=\"Escrito por\" \/>\n\t<meta name=\"twitter:data1\" content=\"Gorete Costa\" \/>\n\t<meta name=\"twitter:label2\" content=\"Est. tempo de leitura\" \/>\n\t<meta name=\"twitter:data2\" content=\"6 minutos\" \/>\n<!-- \/ Yoast SEO Premium plugin. -->","yoast_head_json":{"title":"SAIU EDITAL! Novo concurso GUARDA MUNICIPAL com 100 vagas e sal\u00e1rios de R$ 2,7 mil mais benef\u00edcios abre inscri\u00e7\u00f5es em 16\/07 - Blog Pensar Cursos","description":"Que tal garantir um emprego p\u00fablico com sal\u00e1rio base de R$ 2.707,25 e ainda receber um pacote completo de benef\u00edcios? Essa oportunidade est\u00e1 de portas","robots":{"index":"index","follow":"follow","max-snippet":"max-snippet:-1","max-image-preview":"max-image-preview:large","max-video-preview":"max-video-preview:-1"},"canonical":"https:\/\/www.pensarcursos.com.br\/blog\/saiu-edital-novo-concurso-guarda-municipal-com-100-vagas-e-salarios-de-r-27-mil-mais-beneficios-abre-inscricoes-em-16-07\/","og_locale":"pt_BR","og_type":"article","og_title":"SAIU EDITAL! Novo concurso GUARDA MUNICIPAL com 100 vagas e sal\u00e1rios de R$ 2,7 mil mais benef\u00edcios abre inscri\u00e7\u00f5es em 16\/07","og_description":"Que tal garantir um emprego p\u00fablico com sal\u00e1rio base de R$ 2.707,25 e ainda receber um pacote completo de benef\u00edcios? Essa oportunidade est\u00e1 de portas","og_url":"https:\/\/www.pensarcursos.com.br\/blog\/saiu-edital-novo-concurso-guarda-municipal-com-100-vagas-e-salarios-de-r-27-mil-mais-beneficios-abre-inscricoes-em-16-07\/","og_site_name":"Blog Pensar Cursos","article_publisher":"https:\/\/www.facebook.com\/pensarcursos\/","article_author":"https:\/\/www.facebook.com\/profile.php?id=61550018262414","article_published_time":"2025-07-15T16:39:41+00:00","og_image":[{"width":1275,"height":731,"url":"https:\/\/www.pensarcursos.com.br\/blog\/wp-content\/uploads\/2025\/07\/guarda-municipal-750x430-2.png","type":"image\/png"}],"author":"Gorete Costa","twitter_card":"summary_large_image","twitter_misc":{"Escrito por":"Gorete Costa","Est. tempo de leitura":"6 minutos"},"schema":{"@context":"https:\/\/schema.org","@graph":[{"@type":["Article","BlogPosting"],"@id":"https:\/\/www.pensarcursos.com.br\/blog\/saiu-edital-novo-concurso-guarda-municipal-com-100-vagas-e-salarios-de-r-27-mil-mais-beneficios-abre-inscricoes-em-16-07\/#article","isPartOf":{"@id":"https:\/\/www.pensarcursos.com.br\/blog\/saiu-edital-novo-concurso-guarda-municipal-com-100-vagas-e-salarios-de-r-27-mil-mais-beneficios-abre-inscricoes-em-16-07\/"},"author":{"name":"Gorete Costa","@id":"https:\/\/www.pensarcursos.com.br\/blog\/#\/schema\/person\/e133b19d62595d6ab0c12f3e5436a7bb"},"headline":"SAIU EDITAL! Novo concurso GUARDA MUNICIPAL com 100 vagas e sal\u00e1rios de R$ 2,7 mil mais benef\u00edcios abre inscri\u00e7\u00f5es em 16\/07","datePublished":"2025-07-15T16:39:41+00:00","mainEntityOfPage":{"@id":"https:\/\/www.pensarcursos.com.br\/blog\/saiu-edital-novo-concurso-guarda-municipal-com-100-vagas-e-salarios-de-r-27-mil-mais-beneficios-abre-inscricoes-em-16-07\/"},"wordCount":1264,"commentCount":0,"publisher":{"@id":"https:\/\/www.pensarcursos.com.br\/blog\/#organization"},"image":{"@id":"https:\/\/www.pensarcursos.com.br\/blog\/saiu-edital-novo-concurso-guarda-municipal-com-100-vagas-e-salarios-de-r-27-mil-mais-beneficios-abre-inscricoes-em-16-07\/#primaryimage"},"thumbnailUrl":"https:\/\/www.pensarcursos.com.br\/blog\/wp-content\/uploads\/2025\/07\/guarda-municipal-750x430-2.png","keywords":["edital concurso guarda municipal de diadema","inscri\u00e7\u00f5es concurso guarda municipal de diadema","vagas concurso guarda municipal de diadema"],"articleSection":["Concursos P\u00fablicos"],"inLanguage":"pt-BR","potentialAction":[{"@type":"CommentAction","name":"Comment","target":["https:\/\/www.pensarcursos.com.br\/blog\/saiu-edital-novo-concurso-guarda-municipal-com-100-vagas-e-salarios-de-r-27-mil-mais-beneficios-abre-inscricoes-em-16-07\/#respond"]}],"copyrightYear":"2025","copyrightHolder":{"@id":"https:\/\/www.pensarcursos.com.br\/blog\/#organization"}},{"@type":"WebPage","@id":"https:\/\/www.pensarcursos.com.br\/blog\/saiu-edital-novo-concurso-guarda-municipal-com-100-vagas-e-salarios-de-r-27-mil-mais-beneficios-abre-inscricoes-em-16-07\/","url":"https:\/\/www.pensarcursos.com.br\/blog\/saiu-edital-novo-concurso-guarda-municipal-com-100-vagas-e-salarios-de-r-27-mil-mais-beneficios-abre-inscricoes-em-16-07\/","name":"SAIU EDITAL! Novo concurso GUARDA MUNICIPAL com 100 vagas e sal\u00e1rios de R$ 2,7 mil mais benef\u00edcios abre inscri\u00e7\u00f5es em 16\/07 - Blog Pensar Cursos","isPartOf":{"@id":"https:\/\/www.pensarcursos.com.br\/blog\/#website"},"primaryImageOfPage":{"@id":"https:\/\/www.pensarcursos.com.br\/blog\/saiu-edital-novo-concurso-guarda-municipal-com-100-vagas-e-salarios-de-r-27-mil-mais-beneficios-abre-inscricoes-em-16-07\/#primaryimage"},"image":{"@id":"https:\/\/www.pensarcursos.com.br\/blog\/saiu-edital-novo-concurso-guarda-municipal-com-100-vagas-e-salarios-de-r-27-mil-mais-beneficios-abre-inscricoes-em-16-07\/#primaryimage"},"thumbnailUrl":"https:\/\/www.pensarcursos.com.br\/blog\/wp-content\/uploads\/2025\/07\/guarda-municipal-750x430-2.png","datePublished":"2025-07-15T16:39:41+00:00","description":"Que tal garantir um emprego p\u00fablico com sal\u00e1rio base de R$ 2.707,25 e ainda receber um pacote completo de benef\u00edcios? Essa oportunidade est\u00e1 de portas","breadcrumb":{"@id":"https:\/\/www.pensarcursos.com.br\/blog\/saiu-edital-novo-concurso-guarda-municipal-com-100-vagas-e-salarios-de-r-27-mil-mais-beneficios-abre-inscricoes-em-16-07\/#breadcrumb"},"inLanguage":"pt-BR","potentialAction":[{"@type":"ReadAction","target":["https:\/\/www.pensarcursos.com.br\/blog\/saiu-edital-novo-concurso-guarda-municipal-com-100-vagas-e-salarios-de-r-27-mil-mais-beneficios-abre-inscricoes-em-16-07\/"]}]},{"@type":"ImageObject","inLanguage":"pt-BR","@id":"https:\/\/www.pensarcursos.com.br\/blog\/saiu-edital-novo-concurso-guarda-municipal-com-100-vagas-e-salarios-de-r-27-mil-mais-beneficios-abre-inscricoes-em-16-07\/#primaryimage","url":"https:\/\/www.pensarcursos.com.br\/blog\/wp-content\/uploads\/2025\/07\/guarda-municipal-750x430-2.png","contentUrl":"https:\/\/www.pensarcursos.com.br\/blog\/wp-content\/uploads\/2025\/07\/guarda-municipal-750x430-2.png","width":1275,"height":731,"caption":"Saiba mais sobre o concurso Guarda Municipal com 100 vagas e sal\u00e1rios de R$ 2,7 mil. Imagem: Governo Federal"},{"@type":"BreadcrumbList","@id":"https:\/\/www.pensarcursos.com.br\/blog\/saiu-edital-novo-concurso-guarda-municipal-com-100-vagas-e-salarios-de-r-27-mil-mais-beneficios-abre-inscricoes-em-16-07\/#breadcrumb","itemListElement":[{"@type":"ListItem","position":1,"name":"Home","item":"https:\/\/www.pensarcursos.com.br\/blog\/"},{"@type":"ListItem","position":2,"name":"SAIU EDITAL! Novo concurso GUARDA MUNICIPAL com 100 vagas e sal\u00e1rios de R$ 2,7 mil mais benef\u00edcios abre inscri\u00e7\u00f5es em 16\/07"}]},{"@type":"WebSite","@id":"https:\/\/www.pensarcursos.com.br\/blog\/#website","url":"https:\/\/www.pensarcursos.com.br\/blog\/","name":"Blog Pensar Cursos","description":"Maior Site de Cursos do Brasil","publisher":{"@id":"https:\/\/www.pensarcursos.com.br\/blog\/#organization"},"alternateName":"Blog Pensar","potentialAction":[{"@type":"SearchAction","target":{"@type":"EntryPoint","urlTemplate":"https:\/\/www.pensarcursos.com.br\/blog\/?s={search_term_string}"},"query-input":{"@type":"PropertyValueSpecification","valueRequired":true,"valueName":"search_term_string"}}],"inLanguage":"pt-BR"},{"@type":"Organization","@id":"https:\/\/www.pensarcursos.com.br\/blog\/#organization","name":"Pensar Cursos","alternateName":"Blog pensar","url":"https:\/\/www.pensarcursos.com.br\/blog\/","logo":{"@type":"ImageObject","inLanguage":"pt-BR","@id":"https:\/\/www.pensarcursos.com.br\/blog\/#\/schema\/logo\/image\/","url":"https:\/\/www.pensarcursos.com.br\/blog\/wp-content\/uploads\/2023\/11\/Nova-Logo-Pensar-Cursos-vertical.png","contentUrl":"https:\/\/www.pensarcursos.com.br\/blog\/wp-content\/uploads\/2023\/11\/Nova-Logo-Pensar-Cursos-vertical.png","width":1393,"height":1001,"caption":"Pensar Cursos"},"image":{"@id":"https:\/\/www.pensarcursos.com.br\/blog\/#\/schema\/logo\/image\/"},"sameAs":["https:\/\/www.facebook.com\/pensarcursos\/","https:\/\/instagram.com.br\/pensarcursos"],"description":"Pensar Cursos \u00e9 uma empresa especializada em oferecer cursos de alta qualidade voltados para o desenvolvimento profissional e acad\u00eamico. Com uma ampla gama de op\u00e7\u00f5es de treinamento, oferecemos conte\u00fados atualizados, ministrados por especialistas da \u00e1rea, para capacitar indiv\u00edduos e equipes a atingirem seus objetivos. Nossa miss\u00e3o \u00e9 proporcionar uma educa\u00e7\u00e3o transformadora, acess\u00edvel e personalizada para cada aluno, seja em cursos presenciais ou online. Com uma abordagem inovadora, buscamos adaptar os nossos programas de ensino \u00e0s necessidades do mercado, criando solu\u00e7\u00f5es que atendem aos desafios e exig\u00eancias do mundo corporativo e acad\u00eamico. Nossos cursos incluem desde forma\u00e7\u00f5es t\u00e9cnicas at\u00e9 habilidades essenciais, como lideran\u00e7a, gest\u00e3o e desenvolvimento pessoal.","email":"contato@pensarcursos.com.br","legalName":"Sena Servi\u00e7os de Informa\u00e7\u00e3o Online LTDA","foundingDate":"2013-04-18","vatID":"17956217000172","numberOfEmployees":{"@type":"QuantitativeValue","minValue":"11","maxValue":"50"},"publishingPrinciples":"https:\/\/www.pensarcursos.com.br\/blog\/principios-de-publicacao\/","ownershipFundingInfo":"https:\/\/www.pensarcursos.com.br\/blog\/informacoes-de-propriedade-financiamento\/","actionableFeedbackPolicy":"https:\/\/www.pensarcursos.com.br\/blog\/politica-de-feedback-acionavel\/","correctionsPolicy":"https:\/\/www.pensarcursos.com.br\/blog\/politica-de-correcoes\/","ethicsPolicy":"https:\/\/www.pensarcursos.com.br\/blog\/politica-de-etica\/"},{"@type":"Person","@id":"https:\/\/www.pensarcursos.com.br\/blog\/#\/schema\/person\/e133b19d62595d6ab0c12f3e5436a7bb","name":"Gorete Costa","image":{"@type":"ImageObject","inLanguage":"pt-BR","@id":"https:\/\/secure.gravatar.com\/avatar\/8cb99f142e1cb1312d8c202378c20dc4f7210145acc22805481f4a3f47ce9b6f?s=96&d=mm&r=g","url":"https:\/\/secure.gravatar.com\/avatar\/8cb99f142e1cb1312d8c202378c20dc4f7210145acc22805481f4a3f47ce9b6f?s=96&d=mm&r=g","contentUrl":"https:\/\/secure.gravatar.com\/avatar\/8cb99f142e1cb1312d8c202378c20dc4f7210145acc22805481f4a3f47ce9b6f?s=96&d=mm&r=g","caption":"Gorete Costa"},"description":"Graduada em Servi\u00e7o Social pela Universidade do Norte do Paran\u00e1 (Unopar), Gorete Costa \u00e9 especialista em comunica\u00e7\u00e3o, atuando como radialista em programas jornal\u00edsticos e de entretenimento, al\u00e9m de produ\u00e7\u00e3o e revis\u00e3o de textos informativos para sites e blogs.","sameAs":["https:\/\/www.facebook.com\/profile.php?id=61550018262414"],"url":"https:\/\/www.pensarcursos.com.br\/blog\/author\/gorete\/"}]}},"_links":{"self":[{"href":"https:\/\/www.pensarcursos.com.br\/blog\/wp-json\/wp\/v2\/posts\/112918","targetHints":{"allow":["GET"]}}],"collection":[{"href":"https:\/\/www.pensarcursos.com.br\/blog\/wp-json\/wp\/v2\/posts"}],"about":[{"href":"https:\/\/www.pensarcursos.com.br\/blog\/wp-json\/wp\/v2\/types\/post"}],"author":[{"embeddable":true,"href":"https:\/\/www.pensarcursos.com.br\/blog\/wp-json\/wp\/v2\/users\/17"}],"replies":[{"embeddable":true,"href":"https:\/\/www.pensarcursos.com.br\/blog\/wp-json\/wp\/v2\/comments?post=112918"}],"version-history":[{"count":0,"href":"https:\/\/www.pensarcursos.com.br\/blog\/wp-json\/wp\/v2\/posts\/112918\/revisions"}],"wp:featuredmedia":[{"embeddable":true,"href":"https:\/\/www.pensarcursos.com.br\/blog\/wp-json\/wp\/v2\/media\/112920"}],"wp:attachment":[{"href":"https:\/\/www.pensarcursos.com.br\/blog\/wp-json\/wp\/v2\/media?parent=112918"}],"wp:term":[{"taxonomy":"category","embeddable":true,"href":"https:\/\/www.pensarcursos.com.br\/blog\/wp-json\/wp\/v2\/categories?post=112918"},{"taxonomy":"post_tag","embeddable":true,"href":"https:\/\/www.pensarcursos.com.br\/blog\/wp-json\/wp\/v2\/tags?post=112918"}],"curies":[{"name":"wp","href":"https:\/\/api.w.org\/{rel}","templated":true}]}}