{"id":112407,"date":"2025-07-09T13:39:20","date_gmt":"2025-07-09T16:39:20","guid":{"rendered":"https:\/\/www.pensarcursos.com.br\/blog\/?p=112407"},"modified":"2025-07-09T14:15:14","modified_gmt":"2025-07-09T17:15:14","slug":"saiu-edital-com-salarios-de-ate-r-13-mil-prefeito-confirma-novo-concurso-guarda-municipal-com-100-vagas","status":"publish","type":"post","link":"https:\/\/www.pensarcursos.com.br\/blog\/saiu-edital-com-salarios-de-ate-r-13-mil-prefeito-confirma-novo-concurso-guarda-municipal-com-100-vagas\/","title":{"rendered":"SAIU EDITAL? Com sal\u00e1rios de at\u00e9 R$ 13 MIL, prefeito confirma novo concurso Guarda Municipal com 100 VAGAS"},"content":{"rendered":"<p>Imagine conquistar uma vaga com sal\u00e1rio inicial de <strong>R$ 13.041,67 <\/strong>e estabilidade no servi\u00e7o p\u00fablico. Pois bem! Isso pode se tornar realidade para voc\u00ea! O prefeito Danilo Barros acaba de trazer uma not\u00edcia que vai movimentar o cen\u00e1rio dos concursos p\u00fablicos em 2025: a confirma\u00e7\u00e3o de <strong>100 vagas para a Guarda Civil Municipal<\/strong>, oferecendo uma das melhores remunera\u00e7\u00f5es do pa\u00eds para a carreira.<\/p>\n<p>Para quem busca uma oportunidade no setor de seguran\u00e7a p\u00fablica, esse an\u00fancio representa muito mais que n\u00fameros &#8211; \u00e9 a chance de transformar sua vida profissional com um dos melhores sal\u00e1rios. Continue na leitura e saiba tudo!<\/p>\n<h2>\u00cdndice<\/h2>\n<ul>\n<li>Panorama geral do concurso para Guarda Municipal<\/li>\n<li>Remunera\u00e7\u00e3o detalhada: como chegar aos R$ 13 mil?<\/li>\n<li>Requisitos b\u00e1sicos<\/li>\n<li>Prepara\u00e7\u00e3o estrat\u00e9gica para o concurso Guarda Municipal<\/li>\n<li>Comparativo com outros concursos de GCM<\/li>\n<li>D\u00favidas frequentes<\/li>\n<\/ul>\n<h2>Panorama geral do concurso para Guarda Municipal<\/h2>\n<p>O an\u00fancio oficial veio atrav\u00e9s das redes sociais do prefeito Danilo Barros, confirmando que a sele\u00e7\u00e3o acontecer\u00e1 ainda em 2025. Contudo, aten\u00e7\u00e3o: <strong>o edital n\u00e3o foi publicado.<\/strong> A expectativa \u00e9 grande, especialmente considerando que o \u00faltimo certame ocorreu h\u00e1 quase uma d\u00e9cada, em 2015.<\/p>\n<p>A corpora\u00e7\u00e3o passa por um momento de reestrutura\u00e7\u00e3o e moderniza\u00e7\u00e3o, com revis\u00e3o do Plano de Cargos, Carreiras e Vencimentos (PCCV). Essa atualiza\u00e7\u00e3o promete trazer novidades importantes para os futuros guardas municipais, incluindo poss\u00edveis ajustes nos requisitos de entrada e na estrutura salarial.<\/p>\n<h3>O que torna este concurso especial?<\/h3>\n<p>Diferente de muitos concursos municipais, esta sele\u00e7\u00e3o se destaca por tr\u00eas fatores principais:<\/p>\n<ul>\n<li>Remunera\u00e7\u00e3o excepcional para o n\u00edvel m\u00e9dio<\/li>\n<li>Volume considerado alto de vagas (100 posi\u00e7\u00f5es)<\/li>\n<li>Benef\u00edcios fixos e vari\u00e1veis que complementam o sal\u00e1rio<\/li>\n<\/ul>\n<h2>Remunera\u00e7\u00e3o detalhada: como chegar aos R$ 13 mil?<\/h2>\n<p>A estrutura remunerat\u00f3ria merece aten\u00e7\u00e3o especial. O valor divulgado n\u00e3o \u00e9 apenas um sal\u00e1rio base inflado, trata-se de uma composi\u00e7\u00e3o real de vencimentos e benef\u00edcios que todo aprovado receber\u00e1.<\/p>\n<h3>Composi\u00e7\u00e3o do sal\u00e1rio inicial<\/h3>\n<table>\n<thead>\n<tr>\n<th>Componente<\/th>\n<th>Valor (R$)<\/th>\n<\/tr>\n<\/thead>\n<tbody>\n<tr>\n<td>Vencimento Base (Classe III)<\/td>\n<td>9.032,05<\/td>\n<\/tr>\n<tr>\n<td>Periculosidade (30%)<\/td>\n<td>2.709,62<\/td>\n<\/tr>\n<tr>\n<td>Vale-Alimenta\u00e7\u00e3o<\/td>\n<td>800,00<\/td>\n<\/tr>\n<tr>\n<td>Aux\u00edlio-Sa\u00fade<\/td>\n<td>300,00<\/td>\n<\/tr>\n<tr>\n<td>Aux\u00edlio-Transporte<\/td>\n<td>200,00<\/td>\n<\/tr>\n<tr>\n<td>TOTAL FIXO MENSAL<\/td>\n<td>13.041,67<\/td>\n<\/tr>\n<\/tbody>\n<\/table>\n<h3>Benef\u00edcios adicionais<\/h3>\n<p>Al\u00e9m da remunera\u00e7\u00e3o fixa, os guardas do munic\u00edpio t\u00eam direito a:<\/p>\n<ul>\n<li>Adicional noturno para quem trabalha no per\u00edodo da noite<\/li>\n<li>Horas extras com acr\u00e9scimo de 50% ou 100%<\/li>\n<li>14\u00ba sal\u00e1rio pago no m\u00eas de anivers\u00e1rio<\/li>\n<li>Vale-cesta natalino de at\u00e9 R$ 1.000,00 anuais<\/li>\n<\/ul>\n<p>Vale conferir o<strong> <a href=\"https:\/\/www.pensarcursos.com.br\/\">Pensar Cursos<\/a><\/strong>, que oferece diversos materiais sobre concursos p\u00fablicos, focados na prepara\u00e7\u00e3o para <a href=\"https:\/\/www.pensarcursos.com.br\/blog\/concursos\/guarda-municipal\/\">sele\u00e7\u00f5es para a Guarda Municipal<\/a>.<\/p>\n<h2>Requisitos b\u00e1sicos<\/h2>\n<p>Os crit\u00e9rios para participar do <a href=\"https:\/\/www.pensarcursos.com.br\/blog\/novidade-concurso-guarda-municipal-nivel-medio-com-salarios-de-ate-r-11-mil\/\">concurso<\/a> Guarda Municipal de Paul\u00ednia, no estado de S\u00e3o Paulo (SP) est\u00e3o estabelecidos na Lei Complementar n\u00ba 59\/2016, mas podem sofrer altera\u00e7\u00f5es com a revis\u00e3o do PCCV anunciada pelo prefeito.<\/p>\n<h3>Requisitos atuais em vigor<\/h3>\n<ul>\n<li>Escolaridade: Ensino m\u00e9dio completo<\/li>\n<li>CNH: Categoria m\u00ednima &#8220;B&#8221;<\/li>\n<li>Altura m\u00ednima: 1,70m (homens) e 1,65m (mulheres)<\/li>\n<li>Idade: Entre 18 e 30 anos<\/li>\n<\/ul>\n<figure id=\"attachment_112420\" aria-describedby=\"caption-attachment-112420\" style=\"width: 1237px\" class=\"wp-caption alignnone\"><img decoding=\"async\" class=\"size-full wp-image-112420\" title=\"Prepara\u00e7\u00e3o para o concurso Guarda Municipal.\" src=\"https:\/\/www.pensarcursos.com.br\/blog\/wp-content\/uploads\/2025\/07\/Concurso8-1.jpg\" alt=\"Pessoa se preparando para concurso com caneta e papel.\" width=\"1237\" height=\"709\" \/><figcaption id=\"caption-attachment-112420\" class=\"wp-caption-text\">Estudo para o concurso Guarda Municipal de Paul\u00ednia, SP. Imagem: Freepik<\/figcaption><\/figure>\n<h2>Prepara\u00e7\u00e3o estrat\u00e9gica para o concurso Guarda Municipal<\/h2>\n<p>Com este sal\u00e1rio oferecido, espera-se que a concorr\u00eancia seja acirrada. Come\u00e7ar a prepara\u00e7\u00e3o antecipada faz toda a diferen\u00e7a. Veja algumas dicas importantes:<\/p>\n<h3>\u00c1reas de estudo prov\u00e1veis<\/h3>\n<p>Baseando-se em concursos anteriores de GCM, os candidatos devem focar em:<\/p>\n<ul>\n<li>L\u00edngua Portuguesa: interpreta\u00e7\u00e3o de texto, gram\u00e1tica, reda\u00e7\u00e3o<\/li>\n<li>Matem\u00e1tica e Racioc\u00ednio L\u00f3gico: quest\u00f5es pr\u00e1ticas e situa\u00e7\u00f5es-problema<\/li>\n<li>Conhecimentos Espec\u00edficos: legisla\u00e7\u00e3o municipal, direitos humanos, no\u00e7\u00f5es de direito<\/li>\n<li>Atualidades: fatos relevantes do Brasil e do mundo<\/li>\n<\/ul>\n<h3>Prepara\u00e7\u00e3o f\u00edsica<\/h3>\n<p>Al\u00e9m das provas te\u00f3ricas, concursos de GCM tradicionalmente incluem:<\/p>\n<ul>\n<li>Teste de Aptid\u00e3o F\u00edsica (TAF)<\/li>\n<li>Avalia\u00e7\u00e3o psicol\u00f3gica<\/li>\n<li>Investiga\u00e7\u00e3o social<\/li>\n<li>Curso de forma\u00e7\u00e3o<\/li>\n<\/ul>\n<h2>Comparativo com outros concursos de GCM<\/h2>\n<p>A remunera\u00e7\u00e3o oferecida coloca o <a href=\"https:\/\/www.pensarcursos.com.br\/blog\/prorrogou-concurso-guarda-municipal-estende-periodo-de-inscricoes-veja-novo-prazo\/\">concurso<\/a> Guarda Municipal de Paul\u00ednia entre os mais bem pagos do pa\u00eds para guardas municipais. Veja a compara\u00e7\u00e3o:<\/p>\n<h3>Sal\u00e1rios m\u00e9dios da GCM no Brasil<\/h3>\n<ul>\n<li>Pequenos munic\u00edpios: R$ 2.000 a R$ 4.000<\/li>\n<li>M\u00e9dios munic\u00edpios: R$ 4.000 a R$ 7.000<\/li>\n<li>Grandes centros: R$ 7.000 a R$ 10.000<\/li>\n<li>Concurso Guarda Municipal de Paul\u00ednia: R$ 13.041,67<\/li>\n<\/ul>\n<h2>D\u00favidas frequentes<\/h2>\n<h3>1. Quando ser\u00e1 publicado o edital do concurso GCM?<\/h3>\n<p>O edital est\u00e1 previsto para ser publicado ainda em 2025, ap\u00f3s a conclus\u00e3o da revis\u00e3o do PCCV e contrata\u00e7\u00e3o da banca organizadora. Acompanhe as redes sociais oficiais da prefeitura para n\u00e3o perder nenhuma atualiza\u00e7\u00e3o.<\/p>\n<h3>2. \u00c9 necess\u00e1rio ter experi\u00eancia pr\u00e9via em seguran\u00e7a para participar?<\/h3>\n<p>N\u00e3o. O concurso \u00e9 voltado para candidatos de n\u00edvel m\u00e9dio, sem exig\u00eancia de experi\u00eancia anterior. Toda a forma\u00e7\u00e3o necess\u00e1ria ser\u00e1 fornecida atrav\u00e9s do curso de forma\u00e7\u00e3o ap\u00f3s a aprova\u00e7\u00e3o.<\/p>\n<h3>3. Qual a idade m\u00e1xima permitida para o concurso?<\/h3>\n<p>Atualmente, a lei estabelece 30 anos como idade m\u00e1xima. Por\u00e9m, existe precedente de flexibiliza\u00e7\u00e3o para 40 anos no concurso anterior, e isso pode se repetir com a revis\u00e3o do PCCV. O recomendado \u00e9 aguardar a publica\u00e7\u00e3o do edital para a confirma\u00e7\u00e3o da idade.<\/p>\n<h3>4. Mulheres podem participar do concurso?<\/h3>\n<p>Sim! O concurso \u00e9 aberto para ambos os sexos, com requisitos de altura diferenciados: 1,65m para mulheres e 1,70m para homens, conforme a legisla\u00e7\u00e3o atual.<\/p>\n<h3>5. Quais as principais atribui\u00e7\u00f5es de um Guarda Municipal?<\/h3>\n<p>O guarda municipal atua na prote\u00e7\u00e3o de bens, servi\u00e7os e instala\u00e7\u00f5es p\u00fablicas, apoio ao tr\u00e2nsito, media\u00e7\u00e3o de conflitos, al\u00e9m de a\u00e7\u00f5es preventivas de seguran\u00e7a em parceria com outros \u00f3rg\u00e3os. Contudo, o edital \u00e9 que dever\u00e1 trazer estas informa\u00e7\u00f5es de forma oficial.<\/p>\n<h3>6. \u00c9 poss\u00edvel acumular o cargo com outras atividades?<\/h3>\n<p>A dedica\u00e7\u00e3o ao cargo de GCM geralmente \u00e9 integral, com regime de escalas. O ac\u00famulo com outros cargos p\u00fablicos segue as regras constitucionais e ser\u00e1 detalhado no edital.<\/p>\n<p>Excelente, n\u00e3o \u00e9 mesmo? E voc\u00ea j\u00e1 come\u00e7ou sua prepara\u00e7\u00e3o para o<a href=\"https:\/\/www.pensarcursos.com.br\/blog\/saiu-edital-de-novo-concurso-guarda-municipal-e-publicado-e-ja-esta-com-inscricoes-abertas\/\"> concurso<\/a>? Com tantos benef\u00edcios e uma remunera\u00e7\u00e3o diferenciada, cada dia de estudo antecipado pode fazer a diferen\u00e7a entre a aprova\u00e7\u00e3o e a reprova\u00e7\u00e3o.<\/p>\n<div class=\"jeg_video_container jeg_video_content\"><iframe title=\"Podcast Giro NC #02 - TSE com 600 mil inscritos HOMOLOGADO + Sal\u00e1rios at\u00e9 R$27 mil e Vagas INCR\u00cdVEIS\" width=\"500\" height=\"281\" src=\"https:\/\/www.youtube.com\/embed\/XBNXzcGy6Cw?start=48&#038;feature=oembed\" frameborder=\"0\" allow=\"accelerometer; autoplay; clipboard-write; encrypted-media; gyroscope; picture-in-picture; web-share\" referrerpolicy=\"strict-origin-when-cross-origin\" allowfullscreen><\/iframe><\/div>\n","protected":false},"excerpt":{"rendered":"<p>Imagine conquistar uma vaga com sal\u00e1rio inicial de R$ 13.041,67 e estabilidade no servi\u00e7o p\u00fablico. Pois bem! Isso pode se tornar realidade para voc\u00ea! O prefeito Danilo Barros acaba de trazer uma not\u00edcia que vai movimentar o cen\u00e1rio dos concursos p\u00fablicos em 2025: a confirma\u00e7\u00e3o de 100 vagas para a Guarda Civil Municipal, oferecendo uma [&hellip;]<\/p>\n","protected":false},"author":17,"featured_media":112417,"comment_status":"open","ping_status":"closed","sticky":false,"template":"","format":"standard","meta":{"jnews-multi-image_gallery":[],"jnews_single_post":[],"jnews_primary_category":[],"jnews_social_meta":[],"jnews_override_counter":[],"footnotes":""},"categories":[17672,29],"tags":[30565,30568,30567,30566],"class_list":["post-112407","post","type-post","status-publish","format-standard","has-post-thumbnail","hentry","category-concursos-previstos","category-concursos","tag-edital-concurso-guarda-municipal-de-paulinia","tag-previsao-concurso-guarda-municipal-de-paulinia","tag-salario-concurso-guarda-municipal-de-paulinia","tag-vagas-concurso-guarda-municipal-de-paulinia"],"yoast_head":"<!-- This site is optimized with the Yoast SEO Premium plugin v27.5 (Yoast SEO v27.5) - https:\/\/yoast.com\/product\/yoast-seo-premium-wordpress\/ -->\n<title>SAIU EDITAL? Com sal\u00e1rios de at\u00e9 R$ 13 MIL, prefeito confirma novo concurso Guarda Municipal com 100 VAGAS - Blog Pensar Cursos<\/title>\n<meta name=\"description\" content=\"Imagine conquistar uma vaga com sal\u00e1rio inicial de R$ 13.041,67 e estabilidade no servi\u00e7o p\u00fablico. Pois bem! Isso pode se tornar realidade para voc\u00ea! O\" \/>\n<meta name=\"robots\" content=\"index, follow, max-snippet:-1, max-image-preview:large, max-video-preview:-1\" \/>\n<link rel=\"canonical\" href=\"https:\/\/www.pensarcursos.com.br\/blog\/saiu-edital-com-salarios-de-ate-r-13-mil-prefeito-confirma-novo-concurso-guarda-municipal-com-100-vagas\/\" \/>\n<meta property=\"og:locale\" content=\"pt_BR\" \/>\n<meta property=\"og:type\" content=\"article\" \/>\n<meta property=\"og:title\" content=\"SAIU EDITAL? Com sal\u00e1rios de at\u00e9 R$ 13 MIL, prefeito confirma novo concurso Guarda Municipal com 100 VAGAS\" \/>\n<meta property=\"og:description\" content=\"Imagine conquistar uma vaga com sal\u00e1rio inicial de R$ 13.041,67 e estabilidade no servi\u00e7o p\u00fablico. Pois bem! Isso pode se tornar realidade para voc\u00ea! O\" \/>\n<meta property=\"og:url\" content=\"https:\/\/www.pensarcursos.com.br\/blog\/saiu-edital-com-salarios-de-ate-r-13-mil-prefeito-confirma-novo-concurso-guarda-municipal-com-100-vagas\/\" \/>\n<meta property=\"og:site_name\" content=\"Blog Pensar Cursos\" \/>\n<meta property=\"article:publisher\" content=\"https:\/\/www.facebook.com\/pensarcursos\/\" \/>\n<meta property=\"article:author\" content=\"https:\/\/www.facebook.com\/profile.php?id=61550018262414\" \/>\n<meta property=\"article:published_time\" content=\"2025-07-09T16:39:20+00:00\" \/>\n<meta property=\"article:modified_time\" content=\"2025-07-09T17:15:14+00:00\" \/>\n<meta property=\"og:image\" content=\"https:\/\/www.pensarcursos.com.br\/blog\/wp-content\/uploads\/2025\/07\/guarda-municipal-2.png\" \/>\n\t<meta property=\"og:image:width\" content=\"1275\" \/>\n\t<meta property=\"og:image:height\" content=\"731\" \/>\n\t<meta property=\"og:image:type\" content=\"image\/png\" \/>\n<meta name=\"author\" content=\"Gorete Costa\" \/>\n<meta name=\"twitter:card\" content=\"summary_large_image\" \/>\n<meta name=\"twitter:label1\" content=\"Escrito por\" \/>\n\t<meta name=\"twitter:data1\" content=\"Gorete Costa\" \/>\n\t<meta name=\"twitter:label2\" content=\"Est. tempo de leitura\" \/>\n\t<meta name=\"twitter:data2\" content=\"5 minutos\" \/>\n<!-- \/ Yoast SEO Premium plugin. -->","yoast_head_json":{"title":"SAIU EDITAL? Com sal\u00e1rios de at\u00e9 R$ 13 MIL, prefeito confirma novo concurso Guarda Municipal com 100 VAGAS - Blog Pensar Cursos","description":"Imagine conquistar uma vaga com sal\u00e1rio inicial de R$ 13.041,67 e estabilidade no servi\u00e7o p\u00fablico. Pois bem! Isso pode se tornar realidade para voc\u00ea! O","robots":{"index":"index","follow":"follow","max-snippet":"max-snippet:-1","max-image-preview":"max-image-preview:large","max-video-preview":"max-video-preview:-1"},"canonical":"https:\/\/www.pensarcursos.com.br\/blog\/saiu-edital-com-salarios-de-ate-r-13-mil-prefeito-confirma-novo-concurso-guarda-municipal-com-100-vagas\/","og_locale":"pt_BR","og_type":"article","og_title":"SAIU EDITAL? Com sal\u00e1rios de at\u00e9 R$ 13 MIL, prefeito confirma novo concurso Guarda Municipal com 100 VAGAS","og_description":"Imagine conquistar uma vaga com sal\u00e1rio inicial de R$ 13.041,67 e estabilidade no servi\u00e7o p\u00fablico. Pois bem! Isso pode se tornar realidade para voc\u00ea! O","og_url":"https:\/\/www.pensarcursos.com.br\/blog\/saiu-edital-com-salarios-de-ate-r-13-mil-prefeito-confirma-novo-concurso-guarda-municipal-com-100-vagas\/","og_site_name":"Blog Pensar Cursos","article_publisher":"https:\/\/www.facebook.com\/pensarcursos\/","article_author":"https:\/\/www.facebook.com\/profile.php?id=61550018262414","article_published_time":"2025-07-09T16:39:20+00:00","article_modified_time":"2025-07-09T17:15:14+00:00","og_image":[{"width":1275,"height":731,"url":"https:\/\/www.pensarcursos.com.br\/blog\/wp-content\/uploads\/2025\/07\/guarda-municipal-2.png","type":"image\/png"}],"author":"Gorete Costa","twitter_card":"summary_large_image","twitter_misc":{"Escrito por":"Gorete Costa","Est. tempo de leitura":"5 minutos"},"schema":{"@context":"https:\/\/schema.org","@graph":[{"@type":["Article","BlogPosting"],"@id":"https:\/\/www.pensarcursos.com.br\/blog\/saiu-edital-com-salarios-de-ate-r-13-mil-prefeito-confirma-novo-concurso-guarda-municipal-com-100-vagas\/#article","isPartOf":{"@id":"https:\/\/www.pensarcursos.com.br\/blog\/saiu-edital-com-salarios-de-ate-r-13-mil-prefeito-confirma-novo-concurso-guarda-municipal-com-100-vagas\/"},"author":{"name":"Gorete Costa","@id":"https:\/\/www.pensarcursos.com.br\/blog\/#\/schema\/person\/e133b19d62595d6ab0c12f3e5436a7bb"},"headline":"SAIU EDITAL? Com sal\u00e1rios de at\u00e9 R$ 13 MIL, prefeito confirma novo concurso Guarda Municipal com 100 VAGAS","datePublished":"2025-07-09T16:39:20+00:00","dateModified":"2025-07-09T17:15:14+00:00","mainEntityOfPage":{"@id":"https:\/\/www.pensarcursos.com.br\/blog\/saiu-edital-com-salarios-de-ate-r-13-mil-prefeito-confirma-novo-concurso-guarda-municipal-com-100-vagas\/"},"wordCount":1076,"commentCount":0,"publisher":{"@id":"https:\/\/www.pensarcursos.com.br\/blog\/#organization"},"image":{"@id":"https:\/\/www.pensarcursos.com.br\/blog\/saiu-edital-com-salarios-de-ate-r-13-mil-prefeito-confirma-novo-concurso-guarda-municipal-com-100-vagas\/#primaryimage"},"thumbnailUrl":"https:\/\/www.pensarcursos.com.br\/blog\/wp-content\/uploads\/2025\/07\/guarda-municipal-2.png","keywords":["edital concurso guarda municipal de paul\u00ednia","previs\u00e3o concurso guarda municipal de paul\u00ednia","sal\u00e1rio concurso guarda municipal de paul\u00ednia","vagas concurso guarda municipal de paul\u00ednia"],"articleSection":["Concursos Previstos","Concursos P\u00fablicos"],"inLanguage":"pt-BR","potentialAction":[{"@type":"CommentAction","name":"Comment","target":["https:\/\/www.pensarcursos.com.br\/blog\/saiu-edital-com-salarios-de-ate-r-13-mil-prefeito-confirma-novo-concurso-guarda-municipal-com-100-vagas\/#respond"]}],"copyrightYear":"2025","copyrightHolder":{"@id":"https:\/\/www.pensarcursos.com.br\/blog\/#organization"}},{"@type":"WebPage","@id":"https:\/\/www.pensarcursos.com.br\/blog\/saiu-edital-com-salarios-de-ate-r-13-mil-prefeito-confirma-novo-concurso-guarda-municipal-com-100-vagas\/","url":"https:\/\/www.pensarcursos.com.br\/blog\/saiu-edital-com-salarios-de-ate-r-13-mil-prefeito-confirma-novo-concurso-guarda-municipal-com-100-vagas\/","name":"SAIU EDITAL? Com sal\u00e1rios de at\u00e9 R$ 13 MIL, prefeito confirma novo concurso Guarda Municipal com 100 VAGAS - Blog Pensar Cursos","isPartOf":{"@id":"https:\/\/www.pensarcursos.com.br\/blog\/#website"},"primaryImageOfPage":{"@id":"https:\/\/www.pensarcursos.com.br\/blog\/saiu-edital-com-salarios-de-ate-r-13-mil-prefeito-confirma-novo-concurso-guarda-municipal-com-100-vagas\/#primaryimage"},"image":{"@id":"https:\/\/www.pensarcursos.com.br\/blog\/saiu-edital-com-salarios-de-ate-r-13-mil-prefeito-confirma-novo-concurso-guarda-municipal-com-100-vagas\/#primaryimage"},"thumbnailUrl":"https:\/\/www.pensarcursos.com.br\/blog\/wp-content\/uploads\/2025\/07\/guarda-municipal-2.png","datePublished":"2025-07-09T16:39:20+00:00","dateModified":"2025-07-09T17:15:14+00:00","description":"Imagine conquistar uma vaga com sal\u00e1rio inicial de R$ 13.041,67 e estabilidade no servi\u00e7o p\u00fablico. Pois bem! Isso pode se tornar realidade para voc\u00ea! O","breadcrumb":{"@id":"https:\/\/www.pensarcursos.com.br\/blog\/saiu-edital-com-salarios-de-ate-r-13-mil-prefeito-confirma-novo-concurso-guarda-municipal-com-100-vagas\/#breadcrumb"},"inLanguage":"pt-BR","potentialAction":[{"@type":"ReadAction","target":["https:\/\/www.pensarcursos.com.br\/blog\/saiu-edital-com-salarios-de-ate-r-13-mil-prefeito-confirma-novo-concurso-guarda-municipal-com-100-vagas\/"]}]},{"@type":"ImageObject","inLanguage":"pt-BR","@id":"https:\/\/www.pensarcursos.com.br\/blog\/saiu-edital-com-salarios-de-ate-r-13-mil-prefeito-confirma-novo-concurso-guarda-municipal-com-100-vagas\/#primaryimage","url":"https:\/\/www.pensarcursos.com.br\/blog\/wp-content\/uploads\/2025\/07\/guarda-municipal-2.png","contentUrl":"https:\/\/www.pensarcursos.com.br\/blog\/wp-content\/uploads\/2025\/07\/guarda-municipal-2.png","width":1275,"height":731,"caption":"O concurso para o cargo oferece sal\u00e1rios de at\u00e9 R$ 13.000,00 e 100 vagas dispon\u00edveis. Imagem: Governo Federal"},{"@type":"BreadcrumbList","@id":"https:\/\/www.pensarcursos.com.br\/blog\/saiu-edital-com-salarios-de-ate-r-13-mil-prefeito-confirma-novo-concurso-guarda-municipal-com-100-vagas\/#breadcrumb","itemListElement":[{"@type":"ListItem","position":1,"name":"Home","item":"https:\/\/www.pensarcursos.com.br\/blog\/"},{"@type":"ListItem","position":2,"name":"SAIU EDITAL? Com sal\u00e1rios de at\u00e9 R$ 13 MIL, prefeito confirma novo concurso Guarda Municipal com 100 VAGAS"}]},{"@type":"WebSite","@id":"https:\/\/www.pensarcursos.com.br\/blog\/#website","url":"https:\/\/www.pensarcursos.com.br\/blog\/","name":"Blog Pensar Cursos","description":"Maior Site de Cursos do Brasil","publisher":{"@id":"https:\/\/www.pensarcursos.com.br\/blog\/#organization"},"alternateName":"Blog Pensar","potentialAction":[{"@type":"SearchAction","target":{"@type":"EntryPoint","urlTemplate":"https:\/\/www.pensarcursos.com.br\/blog\/?s={search_term_string}"},"query-input":{"@type":"PropertyValueSpecification","valueRequired":true,"valueName":"search_term_string"}}],"inLanguage":"pt-BR"},{"@type":"Organization","@id":"https:\/\/www.pensarcursos.com.br\/blog\/#organization","name":"Pensar Cursos","alternateName":"Blog pensar","url":"https:\/\/www.pensarcursos.com.br\/blog\/","logo":{"@type":"ImageObject","inLanguage":"pt-BR","@id":"https:\/\/www.pensarcursos.com.br\/blog\/#\/schema\/logo\/image\/","url":"https:\/\/www.pensarcursos.com.br\/blog\/wp-content\/uploads\/2023\/11\/Nova-Logo-Pensar-Cursos-vertical.png","contentUrl":"https:\/\/www.pensarcursos.com.br\/blog\/wp-content\/uploads\/2023\/11\/Nova-Logo-Pensar-Cursos-vertical.png","width":1393,"height":1001,"caption":"Pensar Cursos"},"image":{"@id":"https:\/\/www.pensarcursos.com.br\/blog\/#\/schema\/logo\/image\/"},"sameAs":["https:\/\/www.facebook.com\/pensarcursos\/","https:\/\/instagram.com.br\/pensarcursos"],"description":"Pensar Cursos \u00e9 uma empresa especializada em oferecer cursos de alta qualidade voltados para o desenvolvimento profissional e acad\u00eamico. Com uma ampla gama de op\u00e7\u00f5es de treinamento, oferecemos conte\u00fados atualizados, ministrados por especialistas da \u00e1rea, para capacitar indiv\u00edduos e equipes a atingirem seus objetivos. Nossa miss\u00e3o \u00e9 proporcionar uma educa\u00e7\u00e3o transformadora, acess\u00edvel e personalizada para cada aluno, seja em cursos presenciais ou online. Com uma abordagem inovadora, buscamos adaptar os nossos programas de ensino \u00e0s necessidades do mercado, criando solu\u00e7\u00f5es que atendem aos desafios e exig\u00eancias do mundo corporativo e acad\u00eamico. Nossos cursos incluem desde forma\u00e7\u00f5es t\u00e9cnicas at\u00e9 habilidades essenciais, como lideran\u00e7a, gest\u00e3o e desenvolvimento pessoal.","email":"contato@pensarcursos.com.br","legalName":"Sena Servi\u00e7os de Informa\u00e7\u00e3o Online LTDA","foundingDate":"2013-04-18","vatID":"17956217000172","numberOfEmployees":{"@type":"QuantitativeValue","minValue":"11","maxValue":"50"},"publishingPrinciples":"https:\/\/www.pensarcursos.com.br\/blog\/principios-de-publicacao\/","ownershipFundingInfo":"https:\/\/www.pensarcursos.com.br\/blog\/informacoes-de-propriedade-financiamento\/","actionableFeedbackPolicy":"https:\/\/www.pensarcursos.com.br\/blog\/politica-de-feedback-acionavel\/","correctionsPolicy":"https:\/\/www.pensarcursos.com.br\/blog\/politica-de-correcoes\/","ethicsPolicy":"https:\/\/www.pensarcursos.com.br\/blog\/politica-de-etica\/"},{"@type":"Person","@id":"https:\/\/www.pensarcursos.com.br\/blog\/#\/schema\/person\/e133b19d62595d6ab0c12f3e5436a7bb","name":"Gorete Costa","image":{"@type":"ImageObject","inLanguage":"pt-BR","@id":"https:\/\/secure.gravatar.com\/avatar\/8cb99f142e1cb1312d8c202378c20dc4f7210145acc22805481f4a3f47ce9b6f?s=96&d=mm&r=g","url":"https:\/\/secure.gravatar.com\/avatar\/8cb99f142e1cb1312d8c202378c20dc4f7210145acc22805481f4a3f47ce9b6f?s=96&d=mm&r=g","contentUrl":"https:\/\/secure.gravatar.com\/avatar\/8cb99f142e1cb1312d8c202378c20dc4f7210145acc22805481f4a3f47ce9b6f?s=96&d=mm&r=g","caption":"Gorete Costa"},"description":"Graduada em Servi\u00e7o Social pela Universidade do Norte do Paran\u00e1 (Unopar), Gorete Costa \u00e9 especialista em comunica\u00e7\u00e3o, atuando como radialista em programas jornal\u00edsticos e de entretenimento, al\u00e9m de produ\u00e7\u00e3o e revis\u00e3o de textos informativos para sites e blogs.","sameAs":["https:\/\/www.facebook.com\/profile.php?id=61550018262414"],"url":"https:\/\/www.pensarcursos.com.br\/blog\/author\/gorete\/"}]}},"_links":{"self":[{"href":"https:\/\/www.pensarcursos.com.br\/blog\/wp-json\/wp\/v2\/posts\/112407","targetHints":{"allow":["GET"]}}],"collection":[{"href":"https:\/\/www.pensarcursos.com.br\/blog\/wp-json\/wp\/v2\/posts"}],"about":[{"href":"https:\/\/www.pensarcursos.com.br\/blog\/wp-json\/wp\/v2\/types\/post"}],"author":[{"embeddable":true,"href":"https:\/\/www.pensarcursos.com.br\/blog\/wp-json\/wp\/v2\/users\/17"}],"replies":[{"embeddable":true,"href":"https:\/\/www.pensarcursos.com.br\/blog\/wp-json\/wp\/v2\/comments?post=112407"}],"version-history":[{"count":0,"href":"https:\/\/www.pensarcursos.com.br\/blog\/wp-json\/wp\/v2\/posts\/112407\/revisions"}],"wp:featuredmedia":[{"embeddable":true,"href":"https:\/\/www.pensarcursos.com.br\/blog\/wp-json\/wp\/v2\/media\/112417"}],"wp:attachment":[{"href":"https:\/\/www.pensarcursos.com.br\/blog\/wp-json\/wp\/v2\/media?parent=112407"}],"wp:term":[{"taxonomy":"category","embeddable":true,"href":"https:\/\/www.pensarcursos.com.br\/blog\/wp-json\/wp\/v2\/categories?post=112407"},{"taxonomy":"post_tag","embeddable":true,"href":"https:\/\/www.pensarcursos.com.br\/blog\/wp-json\/wp\/v2\/tags?post=112407"}],"curies":[{"name":"wp","href":"https:\/\/api.w.org\/{rel}","templated":true}]}}