{"id":108638,"date":"2025-05-26T22:59:39","date_gmt":"2025-05-27T01:59:39","guid":{"rendered":"https:\/\/www.pensarcursos.com.br\/blog\/?p=108638"},"modified":"2025-05-26T17:16:52","modified_gmt":"2025-05-26T20:16:52","slug":"voce-e-do-time-que-acorda-cedo-ou-que-adora-dormir-ate-tarde-veja-o-que-isso-revela-sobre-sua-mente","status":"publish","type":"post","link":"https:\/\/www.pensarcursos.com.br\/blog\/voce-e-do-time-que-acorda-cedo-ou-que-adora-dormir-ate-tarde-veja-o-que-isso-revela-sobre-sua-mente\/","title":{"rendered":"Voc\u00ea \u00e9 do time que acorda cedo ou que adora dormir at\u00e9 tarde? Veja o que isso revela sobre sua mente"},"content":{"rendered":"<p>Voc\u00ea j\u00e1 se pegou pensando se acordar cedo ou dormir at\u00e9 mais tarde pode realmente influenciar sua vida? Talvez j\u00e1 tenha ouvido dizer que pessoas matutinas s\u00e3o mais produtivas ou que aqueles que ficam acordados at\u00e9 tarde s\u00e3o mais criativos. Mas ser\u00e1 que isso \u00e9 mesmo verdade?<\/p>\n<p>O que determina essa prefer\u00eancia \u00e9 o <a href=\"https:\/\/www.pensarcursos.com.br\/blog\/cronotipo\/\" target=\"_blank\" rel=\"noopener\"><strong>cronotipo<\/strong><\/a>, ou seja, a predisposi\u00e7\u00e3o biol\u00f3gica que define em qual per\u00edodo do dia voc\u00ea se sente mais alerta e produtivo. Esse padr\u00e3o \u00e9 influenciado por fatores gen\u00e9ticos, hormonais e ambientais e pode impactar diretamente sua rotina, seu rendimento e at\u00e9 sua sa\u00fade.<\/p>\n<h2>Qual \u00e9 o seu cronotipo?<\/h2>\n<p>Pense em sua rotina di\u00e1ria. Voc\u00ea acorda disposto e sente que suas manh\u00e3s s\u00e3o mais produtivas? Ou s\u00f3 consegue focar suas atividades depois do p\u00f4r do sol? A resposta para essa pergunta pode te ajudar a entender melhor qual \u00e9 o seu cronotipo.<\/p>\n<ul>\n<li><strong>Matutinos<\/strong>: Pessoas que acordam cedo e atingem seu pico de energia pela manh\u00e3. Tendem a dormir mais cedo e se sentir menos produtivas no per\u00edodo da noite.<\/li>\n<li><strong>Noturnos<\/strong>: Quem prefere dormir mais tarde e tem sua maior produtividade \u00e0 noite. Geralmente, enfrentam dificuldades para acordar cedo e podem ter mais criatividade ao longo da madrugada.<\/li>\n<li><strong>Intermedi\u00e1rios<\/strong>: Um meio-termo entre os dois grupos, ajustando a rotina conforme necessidade.<\/li>\n<\/ul>\n<p>O mais interessante \u00e9 que o cronotipo <strong>n\u00e3o \u00e9 fixo<\/strong> e pode mudar ao longo da vida. Crian\u00e7as costumam ser matutinas, enquanto adolescentes e jovens adultos tendem a virar mais noturnos. Conforme os anos passam e as responsabilidades aumentam, muitos voltam a ter h\u00e1bitos de sono mais matutinos.<\/p>\n<h2>Acordar cedo pode transformar seu dia?<\/h2>\n<p>Se o despertador toca cedo e a sensa\u00e7\u00e3o \u00e9 de cansa\u00e7o absoluto, talvez j\u00e1 tenha se perguntado se realmente vale a pena tentar se tornar mais matutino. A verdade \u00e9 que acordar cedo pode trazer muitos benef\u00edcios.<\/p>\n<ul>\n<li><strong>Mais produtividade:<\/strong> As primeiras horas da manh\u00e3 costumam ser mais tranquilas e livres de distra\u00e7\u00f5es, o que facilita a concentra\u00e7\u00e3o. Muitas pessoas relatam que conseguem organizar melhor suas tarefas e evitar aquela sensa\u00e7\u00e3o de correr contra o tempo.<\/li>\n<li><strong>Melhor sa\u00fade mental:<\/strong> Estudos indicam que quem acorda cedo tende a ter menos sintomas de depress\u00e3o e ansiedade. H\u00e1 um motivo para isso: manter uma rotina estruturada ajuda a reduzir o estresse e criar momentos para atividades relaxantes, como medita\u00e7\u00e3o ou exerc\u00edcios f\u00edsicos.<\/li>\n<li><strong>Rotina mais organizada:<\/strong> Ao levantar cedo, \u00e9 poss\u00edvel estabelecer hor\u00e1rios regulares para refei\u00e7\u00f5es, descanso e tarefas di\u00e1rias, regulando melhor o ritmo do corpo e melhorando a qualidade do sono \u00e0 noite.<\/li>\n<\/ul>\n<h2>Dormir at\u00e9 tarde pode prejudicar sua rotina?<\/h2>\n<p>Ficar acordado at\u00e9 tarde pode parecer atraente, mas ser\u00e1 que realmente \u00e9 vantajoso no longo prazo? Aqui est\u00e3o alguns dos principais desafios para quem tem o h\u00e1bito de acordar tarde:<\/p>\n<ul>\n<li><strong>Desregula\u00e7\u00e3o do ciclo biol\u00f3gico:<\/strong> O ritmo circadiano, que regula o funcionamento do organismo, pode sair do padr\u00e3o e afetar o metabolismo, a disposi\u00e7\u00e3o e at\u00e9 o humor.<\/li>\n<li><strong>Impacto na sa\u00fade:<\/strong> Estudos apontam que quem tem hor\u00e1rios irregulares para dormir pode apresentar maior risco de obesidade e problemas cardiovasculares. Isso acontece porque a falta de exposi\u00e7\u00e3o \u00e0 luz natural pela manh\u00e3 pode comprometer o funcionamento do corpo.<\/li>\n<li><strong>Dificuldades profissionais:<\/strong> A maioria dos empregos funciona no hor\u00e1rio comercial. Quem acorda tarde pode enfrentar desafios para se adaptar aos compromissos e pode sentir dificuldades para interagir com colegas no hor\u00e1rio convencional.<\/li>\n<\/ul>\n<figure id=\"attachment_108656\" aria-describedby=\"caption-attachment-108656\" style=\"width: 2047px\" class=\"wp-caption aligncenter\"><img decoding=\"async\" class=\"size-full wp-image-108656\" title=\"Garota usando celular na cama durante a noite\" src=\"https:\/\/www.pensarcursos.com.br\/blog\/wp-content\/uploads\/2025\/05\/garota-relaxando-celular-cama.webp\" alt=\"Jovem mulher deitada na cama \u00e0 noite olhando para a tela do celular\" width=\"2047\" height=\"1638\" srcset=\"https:\/\/www.pensarcursos.com.br\/blog\/wp-content\/uploads\/2025\/05\/garota-relaxando-celular-cama.webp 2047w, https:\/\/www.pensarcursos.com.br\/blog\/wp-content\/uploads\/2025\/05\/garota-relaxando-celular-cama-300x240.webp 300w, https:\/\/www.pensarcursos.com.br\/blog\/wp-content\/uploads\/2025\/05\/garota-relaxando-celular-cama-1024x819.webp 1024w, https:\/\/www.pensarcursos.com.br\/blog\/wp-content\/uploads\/2025\/05\/garota-relaxando-celular-cama-768x615.webp 768w, https:\/\/www.pensarcursos.com.br\/blog\/wp-content\/uploads\/2025\/05\/garota-relaxando-celular-cama-1536x1229.webp 1536w\" sizes=\"(max-width: 2047px) 100vw, 2047px\" \/><figcaption id=\"caption-attachment-108656\" class=\"wp-caption-text\">Descubra como otimizar sua rotina de sono para aumentar sua energia e produtividade ao longo do dia.<br \/>Imagem: Freepik<\/figcaption><\/figure>\n<h2>Como encontrar um equil\u00edbrio para sua rotina?<\/h2>\n<p>Se a sua rotina de <a href=\"https:\/\/dicaparatudo.com.br\/2024\/06\/23\/como-ter-sono-e-dormir-melhor\/\" target=\"_blank\" rel=\"noopener\">sono<\/a> n\u00e3o est\u00e1 funcionando bem, talvez seja o momento de fazer algumas mudan\u00e7as. Encontrar o equil\u00edbrio ideal entre <strong>hor\u00e1rio de despertar, descanso e <a href=\"https:\/\/www.pensarcursos.com.br\/blog\/estrategias-produtividade\/\" target=\"_blank\" rel=\"noopener\">produtividade<\/a><\/strong> pode melhorar sua qualidade de vida. Algumas estrat\u00e9gias podem te ajudar:<\/p>\n<ul>\n<li><strong>Ou\u00e7a seu corpo:<\/strong> Observe quais hor\u00e1rios te deixam mais energizado e veja se h\u00e1 necessidade de ajustes na rotina.<\/li>\n<li><strong>Mantenha consist\u00eancia:<\/strong> Busque manter um hor\u00e1rio de sono regular, inclusive nos finais de semana, para ajudar a equilibrar seu ritmo biol\u00f3gico.<\/li>\n<li><strong>Crie h\u00e1bitos relaxantes antes de dormir:<\/strong> Diminuir o uso de telas \u00e0 noite, evitar cafe\u00edna e criar uma rotina de relaxamento pode facilitar um sono de qualidade.<\/li>\n<\/ul>\n<h2>Sono e desempenho acad\u00eamico<\/h2>\n<p>Se voc\u00ea estuda e percebe que seu rendimento varia conforme o hor\u00e1rio, o cronotipo pode estar influenciando diretamente seu aprendizado. Muitas escolas e universidades aplicam provas pela manh\u00e3, o que pode ser desafiador para quem \u00e9 da noite.<\/p>\n<h2>O impacto do sono na sua sa\u00fade<\/h2>\n<p>A qualidade do sono influencia a sa\u00fade de v\u00e1rias maneiras, desde o funcionamento do c\u00e9rebro at\u00e9 o bem-estar f\u00edsico. Dormir entre <strong>7 e 9 horas por noite<\/strong> \u00e9 recomendado para manter energia, foco e disposi\u00e7\u00e3o ao longo do dia.<\/p>\n<p>O equil\u00edbrio entre <strong>acordar cedo ou dormir at\u00e9 tarde<\/strong> depende de diversos fatores, e cada pessoa tem um ritmo diferente. O importante \u00e9 respeitar as pr\u00f3prias necessidades e buscar uma rotina que permita qualidade de vida e sa\u00fade.<\/p>\n<p>Agora, a pergunta que fica \u00e9: seu cronotipo est\u00e1 te ajudando ou dificultando seu dia a dia? Talvez seja o momento de refletir sobre mudan\u00e7as para tornar sua rotina ainda mais produtiva e equilibrada!<\/p>\n","protected":false},"excerpt":{"rendered":"<p>Voc\u00ea j\u00e1 se pegou pensando se acordar cedo ou dormir at\u00e9 mais tarde pode realmente influenciar sua vida? Talvez j\u00e1 tenha ouvido dizer que pessoas matutinas s\u00e3o mais produtivas ou que aqueles que ficam acordados at\u00e9 tarde s\u00e3o mais criativos. Mas ser\u00e1 que isso \u00e9 mesmo verdade? O que determina essa prefer\u00eancia \u00e9 o cronotipo, [&hellip;]<\/p>\n","protected":false},"author":49,"featured_media":108654,"comment_status":"open","ping_status":"closed","sticky":false,"template":"","format":"standard","meta":{"jnews-multi-image_gallery":[],"jnews_single_post":[],"jnews_primary_category":[],"jnews_social_meta":[],"jnews_override_counter":[],"footnotes":""},"categories":[27431],"tags":[29161,29164,29162,8568,6810,329,29163,317],"class_list":["post-108638","post","type-post","status-publish","format-standard","has-post-thumbnail","hentry","category-psicologia-e-comportamento","tag-acordar-cedo","tag-cronotipos","tag-dormir-ate-tarde","tag-habitos-saudaveis","tag-mente","tag-produtividade","tag-qualidade-de-sono","tag-saude-mental"],"yoast_head":"<!-- This site is optimized with the Yoast SEO Premium plugin v27.4 (Yoast SEO v27.4) - https:\/\/yoast.com\/product\/yoast-seo-premium-wordpress\/ -->\n<title>Voc\u00ea \u00e9 do time que acorda cedo ou que adora dormir at\u00e9 tarde? Veja o que isso revela sobre sua mente - Blog Pensar Cursos<\/title>\n<meta name=\"description\" content=\"Voc\u00ea j\u00e1 se pegou pensando se acordar cedo ou dormir at\u00e9 mais tarde pode realmente influenciar sua vida? Talvez j\u00e1 tenha ouvido dizer que pessoas matutinas\" \/>\n<meta name=\"robots\" content=\"index, follow, max-snippet:-1, max-image-preview:large, max-video-preview:-1\" \/>\n<link rel=\"canonical\" href=\"https:\/\/www.pensarcursos.com.br\/blog\/voce-e-do-time-que-acorda-cedo-ou-que-adora-dormir-ate-tarde-veja-o-que-isso-revela-sobre-sua-mente\/\" \/>\n<meta property=\"og:locale\" content=\"pt_BR\" \/>\n<meta property=\"og:type\" content=\"article\" \/>\n<meta property=\"og:title\" content=\"Voc\u00ea \u00e9 do time que acorda cedo ou que adora dormir at\u00e9 tarde? Veja o que isso revela sobre sua mente\" \/>\n<meta property=\"og:description\" content=\"Voc\u00ea j\u00e1 se pegou pensando se acordar cedo ou dormir at\u00e9 mais tarde pode realmente influenciar sua vida? Talvez j\u00e1 tenha ouvido dizer que pessoas matutinas\" \/>\n<meta property=\"og:url\" content=\"https:\/\/www.pensarcursos.com.br\/blog\/voce-e-do-time-que-acorda-cedo-ou-que-adora-dormir-ate-tarde-veja-o-que-isso-revela-sobre-sua-mente\/\" \/>\n<meta property=\"og:site_name\" content=\"Blog Pensar Cursos\" \/>\n<meta property=\"article:publisher\" content=\"https:\/\/www.facebook.com\/pensarcursos\/\" \/>\n<meta property=\"article:published_time\" content=\"2025-05-27T01:59:39+00:00\" \/>\n<meta property=\"og:image\" content=\"https:\/\/www.pensarcursos.com.br\/blog\/wp-content\/uploads\/2025\/05\/mulher-segurando-travesseiro-com-expressao-de-sono.webp\" \/>\n\t<meta property=\"og:image:width\" content=\"2048\" \/>\n\t<meta property=\"og:image:height\" content=\"1365\" \/>\n\t<meta property=\"og:image:type\" content=\"image\/webp\" \/>\n<meta name=\"author\" content=\"Gabriela Machado\" \/>\n<meta name=\"twitter:card\" content=\"summary_large_image\" \/>\n<meta name=\"twitter:label1\" content=\"Escrito por\" \/>\n\t<meta name=\"twitter:data1\" content=\"Gabriela Machado\" \/>\n\t<meta name=\"twitter:label2\" content=\"Est. tempo de leitura\" \/>\n\t<meta name=\"twitter:data2\" content=\"4 minutos\" \/>\n<!-- \/ Yoast SEO Premium plugin. -->","yoast_head_json":{"title":"Voc\u00ea \u00e9 do time que acorda cedo ou que adora dormir at\u00e9 tarde? Veja o que isso revela sobre sua mente - Blog Pensar Cursos","description":"Voc\u00ea j\u00e1 se pegou pensando se acordar cedo ou dormir at\u00e9 mais tarde pode realmente influenciar sua vida? Talvez j\u00e1 tenha ouvido dizer que pessoas matutinas","robots":{"index":"index","follow":"follow","max-snippet":"max-snippet:-1","max-image-preview":"max-image-preview:large","max-video-preview":"max-video-preview:-1"},"canonical":"https:\/\/www.pensarcursos.com.br\/blog\/voce-e-do-time-que-acorda-cedo-ou-que-adora-dormir-ate-tarde-veja-o-que-isso-revela-sobre-sua-mente\/","og_locale":"pt_BR","og_type":"article","og_title":"Voc\u00ea \u00e9 do time que acorda cedo ou que adora dormir at\u00e9 tarde? Veja o que isso revela sobre sua mente","og_description":"Voc\u00ea j\u00e1 se pegou pensando se acordar cedo ou dormir at\u00e9 mais tarde pode realmente influenciar sua vida? Talvez j\u00e1 tenha ouvido dizer que pessoas matutinas","og_url":"https:\/\/www.pensarcursos.com.br\/blog\/voce-e-do-time-que-acorda-cedo-ou-que-adora-dormir-ate-tarde-veja-o-que-isso-revela-sobre-sua-mente\/","og_site_name":"Blog Pensar Cursos","article_publisher":"https:\/\/www.facebook.com\/pensarcursos\/","article_published_time":"2025-05-27T01:59:39+00:00","og_image":[{"width":2048,"height":1365,"url":"https:\/\/www.pensarcursos.com.br\/blog\/wp-content\/uploads\/2025\/05\/mulher-segurando-travesseiro-com-expressao-de-sono.webp","type":"image\/webp"}],"author":"Gabriela Machado","twitter_card":"summary_large_image","twitter_misc":{"Escrito por":"Gabriela Machado","Est. tempo de leitura":"4 minutos"},"schema":{"@context":"https:\/\/schema.org","@graph":[{"@type":["Article","BlogPosting"],"@id":"https:\/\/www.pensarcursos.com.br\/blog\/voce-e-do-time-que-acorda-cedo-ou-que-adora-dormir-ate-tarde-veja-o-que-isso-revela-sobre-sua-mente\/#article","isPartOf":{"@id":"https:\/\/www.pensarcursos.com.br\/blog\/voce-e-do-time-que-acorda-cedo-ou-que-adora-dormir-ate-tarde-veja-o-que-isso-revela-sobre-sua-mente\/"},"author":{"name":"Gabriela Machado","@id":"https:\/\/www.pensarcursos.com.br\/blog\/#\/schema\/person\/134389a33d69ddd7e127fac02bd155fa"},"headline":"Voc\u00ea \u00e9 do time que acorda cedo ou que adora dormir at\u00e9 tarde? Veja o que isso revela sobre sua mente","datePublished":"2025-05-27T01:59:39+00:00","mainEntityOfPage":{"@id":"https:\/\/www.pensarcursos.com.br\/blog\/voce-e-do-time-que-acorda-cedo-ou-que-adora-dormir-ate-tarde-veja-o-que-isso-revela-sobre-sua-mente\/"},"wordCount":917,"commentCount":0,"publisher":{"@id":"https:\/\/www.pensarcursos.com.br\/blog\/#organization"},"image":{"@id":"https:\/\/www.pensarcursos.com.br\/blog\/voce-e-do-time-que-acorda-cedo-ou-que-adora-dormir-ate-tarde-veja-o-que-isso-revela-sobre-sua-mente\/#primaryimage"},"thumbnailUrl":"https:\/\/www.pensarcursos.com.br\/blog\/wp-content\/uploads\/2025\/05\/mulher-segurando-travesseiro-com-expressao-de-sono.webp","keywords":["acordar cedo","cronotipos","dormir at\u00e9 tarde","h\u00e1bitos saud\u00e1veis","mente","produtividade","qualidade de sono","Sa\u00fade mental"],"articleSection":["Psicologia e Comportamento"],"inLanguage":"pt-BR","potentialAction":[{"@type":"CommentAction","name":"Comment","target":["https:\/\/www.pensarcursos.com.br\/blog\/voce-e-do-time-que-acorda-cedo-ou-que-adora-dormir-ate-tarde-veja-o-que-isso-revela-sobre-sua-mente\/#respond"]}],"copyrightYear":"2025","copyrightHolder":{"@id":"https:\/\/www.pensarcursos.com.br\/blog\/#organization"}},{"@type":"WebPage","@id":"https:\/\/www.pensarcursos.com.br\/blog\/voce-e-do-time-que-acorda-cedo-ou-que-adora-dormir-ate-tarde-veja-o-que-isso-revela-sobre-sua-mente\/","url":"https:\/\/www.pensarcursos.com.br\/blog\/voce-e-do-time-que-acorda-cedo-ou-que-adora-dormir-ate-tarde-veja-o-que-isso-revela-sobre-sua-mente\/","name":"Voc\u00ea \u00e9 do time que acorda cedo ou que adora dormir at\u00e9 tarde? Veja o que isso revela sobre sua mente - Blog Pensar Cursos","isPartOf":{"@id":"https:\/\/www.pensarcursos.com.br\/blog\/#website"},"primaryImageOfPage":{"@id":"https:\/\/www.pensarcursos.com.br\/blog\/voce-e-do-time-que-acorda-cedo-ou-que-adora-dormir-ate-tarde-veja-o-que-isso-revela-sobre-sua-mente\/#primaryimage"},"image":{"@id":"https:\/\/www.pensarcursos.com.br\/blog\/voce-e-do-time-que-acorda-cedo-ou-que-adora-dormir-ate-tarde-veja-o-que-isso-revela-sobre-sua-mente\/#primaryimage"},"thumbnailUrl":"https:\/\/www.pensarcursos.com.br\/blog\/wp-content\/uploads\/2025\/05\/mulher-segurando-travesseiro-com-expressao-de-sono.webp","datePublished":"2025-05-27T01:59:39+00:00","description":"Voc\u00ea j\u00e1 se pegou pensando se acordar cedo ou dormir at\u00e9 mais tarde pode realmente influenciar sua vida? Talvez j\u00e1 tenha ouvido dizer que pessoas matutinas","breadcrumb":{"@id":"https:\/\/www.pensarcursos.com.br\/blog\/voce-e-do-time-que-acorda-cedo-ou-que-adora-dormir-ate-tarde-veja-o-que-isso-revela-sobre-sua-mente\/#breadcrumb"},"inLanguage":"pt-BR","potentialAction":[{"@type":"ReadAction","target":["https:\/\/www.pensarcursos.com.br\/blog\/voce-e-do-time-que-acorda-cedo-ou-que-adora-dormir-ate-tarde-veja-o-que-isso-revela-sobre-sua-mente\/"]}]},{"@type":"ImageObject","inLanguage":"pt-BR","@id":"https:\/\/www.pensarcursos.com.br\/blog\/voce-e-do-time-que-acorda-cedo-ou-que-adora-dormir-ate-tarde-veja-o-que-isso-revela-sobre-sua-mente\/#primaryimage","url":"https:\/\/www.pensarcursos.com.br\/blog\/wp-content\/uploads\/2025\/05\/mulher-segurando-travesseiro-com-expressao-de-sono.webp","contentUrl":"https:\/\/www.pensarcursos.com.br\/blog\/wp-content\/uploads\/2025\/05\/mulher-segurando-travesseiro-com-expressao-de-sono.webp","width":2048,"height":1365,"caption":"Conhe\u00e7a seu cronotipo e alinhe sua rotina para cuidar melhor da sua sa\u00fade mental. Imagem: Freepik"},{"@type":"BreadcrumbList","@id":"https:\/\/www.pensarcursos.com.br\/blog\/voce-e-do-time-que-acorda-cedo-ou-que-adora-dormir-ate-tarde-veja-o-que-isso-revela-sobre-sua-mente\/#breadcrumb","itemListElement":[{"@type":"ListItem","position":1,"name":"Home","item":"https:\/\/www.pensarcursos.com.br\/blog\/"},{"@type":"ListItem","position":2,"name":"Voc\u00ea \u00e9 do time que acorda cedo ou que adora dormir at\u00e9 tarde? Veja o que isso revela sobre sua mente"}]},{"@type":"WebSite","@id":"https:\/\/www.pensarcursos.com.br\/blog\/#website","url":"https:\/\/www.pensarcursos.com.br\/blog\/","name":"Blog Pensar Cursos","description":"Maior Site de Cursos do Brasil","publisher":{"@id":"https:\/\/www.pensarcursos.com.br\/blog\/#organization"},"alternateName":"Blog Pensar","potentialAction":[{"@type":"SearchAction","target":{"@type":"EntryPoint","urlTemplate":"https:\/\/www.pensarcursos.com.br\/blog\/?s={search_term_string}"},"query-input":{"@type":"PropertyValueSpecification","valueRequired":true,"valueName":"search_term_string"}}],"inLanguage":"pt-BR"},{"@type":"Organization","@id":"https:\/\/www.pensarcursos.com.br\/blog\/#organization","name":"Pensar Cursos","alternateName":"Blog pensar","url":"https:\/\/www.pensarcursos.com.br\/blog\/","logo":{"@type":"ImageObject","inLanguage":"pt-BR","@id":"https:\/\/www.pensarcursos.com.br\/blog\/#\/schema\/logo\/image\/","url":"https:\/\/www.pensarcursos.com.br\/blog\/wp-content\/uploads\/2023\/11\/Nova-Logo-Pensar-Cursos-vertical.png","contentUrl":"https:\/\/www.pensarcursos.com.br\/blog\/wp-content\/uploads\/2023\/11\/Nova-Logo-Pensar-Cursos-vertical.png","width":1393,"height":1001,"caption":"Pensar Cursos"},"image":{"@id":"https:\/\/www.pensarcursos.com.br\/blog\/#\/schema\/logo\/image\/"},"sameAs":["https:\/\/www.facebook.com\/pensarcursos\/","https:\/\/instagram.com.br\/pensarcursos"],"description":"Pensar Cursos \u00e9 uma empresa especializada em oferecer cursos de alta qualidade voltados para o desenvolvimento profissional e acad\u00eamico. Com uma ampla gama de op\u00e7\u00f5es de treinamento, oferecemos conte\u00fados atualizados, ministrados por especialistas da \u00e1rea, para capacitar indiv\u00edduos e equipes a atingirem seus objetivos. Nossa miss\u00e3o \u00e9 proporcionar uma educa\u00e7\u00e3o transformadora, acess\u00edvel e personalizada para cada aluno, seja em cursos presenciais ou online. Com uma abordagem inovadora, buscamos adaptar os nossos programas de ensino \u00e0s necessidades do mercado, criando solu\u00e7\u00f5es que atendem aos desafios e exig\u00eancias do mundo corporativo e acad\u00eamico. Nossos cursos incluem desde forma\u00e7\u00f5es t\u00e9cnicas at\u00e9 habilidades essenciais, como lideran\u00e7a, gest\u00e3o e desenvolvimento pessoal.","email":"contato@pensarcursos.com.br","legalName":"Sena Servi\u00e7os de Informa\u00e7\u00e3o Online LTDA","foundingDate":"2013-04-18","vatID":"17956217000172","numberOfEmployees":{"@type":"QuantitativeValue","minValue":"11","maxValue":"50"},"publishingPrinciples":"https:\/\/www.pensarcursos.com.br\/blog\/principios-de-publicacao\/","ownershipFundingInfo":"https:\/\/www.pensarcursos.com.br\/blog\/informacoes-de-propriedade-financiamento\/","actionableFeedbackPolicy":"https:\/\/www.pensarcursos.com.br\/blog\/politica-de-feedback-acionavel\/","correctionsPolicy":"https:\/\/www.pensarcursos.com.br\/blog\/politica-de-correcoes\/","ethicsPolicy":"https:\/\/www.pensarcursos.com.br\/blog\/politica-de-etica\/"},{"@type":"Person","@id":"https:\/\/www.pensarcursos.com.br\/blog\/#\/schema\/person\/134389a33d69ddd7e127fac02bd155fa","name":"Gabriela Machado","image":{"@type":"ImageObject","inLanguage":"pt-BR","@id":"https:\/\/secure.gravatar.com\/avatar\/3c883c65f44a41cb00078efa0c1943783eabec9e96518b4565b28a6f9d027f9b?s=96&d=mm&r=g","url":"https:\/\/secure.gravatar.com\/avatar\/3c883c65f44a41cb00078efa0c1943783eabec9e96518b4565b28a6f9d027f9b?s=96&d=mm&r=g","contentUrl":"https:\/\/secure.gravatar.com\/avatar\/3c883c65f44a41cb00078efa0c1943783eabec9e96518b4565b28a6f9d027f9b?s=96&d=mm&r=g","caption":"Gabriela Machado"},"description":"Graduada em Pedagogia pela UESC(Universidade Estadual de Santa Cruz). Redatora do grupo Sena Online.","sameAs":["https:\/\/www.instagram.com\/gabrielamchs"],"url":"https:\/\/www.pensarcursos.com.br\/blog\/author\/gabriela\/"}]}},"_links":{"self":[{"href":"https:\/\/www.pensarcursos.com.br\/blog\/wp-json\/wp\/v2\/posts\/108638","targetHints":{"allow":["GET"]}}],"collection":[{"href":"https:\/\/www.pensarcursos.com.br\/blog\/wp-json\/wp\/v2\/posts"}],"about":[{"href":"https:\/\/www.pensarcursos.com.br\/blog\/wp-json\/wp\/v2\/types\/post"}],"author":[{"embeddable":true,"href":"https:\/\/www.pensarcursos.com.br\/blog\/wp-json\/wp\/v2\/users\/49"}],"replies":[{"embeddable":true,"href":"https:\/\/www.pensarcursos.com.br\/blog\/wp-json\/wp\/v2\/comments?post=108638"}],"version-history":[{"count":0,"href":"https:\/\/www.pensarcursos.com.br\/blog\/wp-json\/wp\/v2\/posts\/108638\/revisions"}],"wp:featuredmedia":[{"embeddable":true,"href":"https:\/\/www.pensarcursos.com.br\/blog\/wp-json\/wp\/v2\/media\/108654"}],"wp:attachment":[{"href":"https:\/\/www.pensarcursos.com.br\/blog\/wp-json\/wp\/v2\/media?parent=108638"}],"wp:term":[{"taxonomy":"category","embeddable":true,"href":"https:\/\/www.pensarcursos.com.br\/blog\/wp-json\/wp\/v2\/categories?post=108638"},{"taxonomy":"post_tag","embeddable":true,"href":"https:\/\/www.pensarcursos.com.br\/blog\/wp-json\/wp\/v2\/tags?post=108638"}],"curies":[{"name":"wp","href":"https:\/\/api.w.org\/{rel}","templated":true}]}}