{"id":107941,"date":"2025-05-19T14:39:00","date_gmt":"2025-05-19T17:39:00","guid":{"rendered":"https:\/\/www.pensarcursos.com.br\/blog\/?p=107941"},"modified":"2025-05-19T12:08:53","modified_gmt":"2025-05-19T15:08:53","slug":"voce-e-da-turma-do-whatsapp-ou-do-instagram-sua-escolha-revela-algo-oculto","status":"publish","type":"post","link":"https:\/\/www.pensarcursos.com.br\/blog\/voce-e-da-turma-do-whatsapp-ou-do-instagram-sua-escolha-revela-algo-oculto\/","title":{"rendered":"Voc\u00ea \u00e9 da turma do WhatsApp ou do Instagram? Sua escolha revela algo oculto"},"content":{"rendered":"<p>Voc\u00ea sabia que a escolha entre WhatsApp e Instagram vai al\u00e9m de uma simples prefer\u00eancia por aplicativos? Ela pode refletir aspectos profundos sobre como cada um se comunica e interage no ambiente digital. Enquanto o WhatsApp \u00e9 um espa\u00e7o para conversas mais \u00edntimas e privadas, o Instagram se destaca pela sua natureza visual e p\u00fablica, permitindo uma express\u00e3o mais ampla e conectada. Continue lendo para descobrir como essas plataformas moldam a forma como as pessoas se relacionam e o que suas escolhas podem dizer sobre suas prioridades.<\/p>\n<h2>O que o WhatsApp representa?<\/h2>\n<figure id=\"attachment_107949\" aria-describedby=\"caption-attachment-107949\" style=\"width: 1024px\" class=\"wp-caption aligncenter\"><img decoding=\"async\" title=\"Prefer\u00eancia entre WhatsApp e Instagram revela tra\u00e7os pessoais\" src=\"https:\/\/www.pensarcursos.com.br\/blog\/wp-content\/uploads\/2025\/05\/preferencia-whatsapp-instagram-1024x683.webp\" alt=\" Mulher sorrindo enquanto olha para o celular e segura uma caneca, em ambiente aconchegante com luz suave\" width=\"1024\" height=\"683\" \/><figcaption id=\"caption-attachment-107949\" class=\"wp-caption-text\">A escolha entre WhatsApp ou Instagram pode indicar tra\u00e7os ocultos da personalidade &#8211; Imagem: Freepik<\/figcaption><\/figure>\n<h3>Comunica\u00e7\u00e3o privada e direta<\/h3>\n<p>O<a href=\"https:\/\/www.pensarcursos.com.br\/blog\/veja-como-adicionar-filtros-e-planos-de-fundo-para-chamadas-de-video-no-whatsapp\/\" target=\"_blank\" rel=\"noopener\"> WhatsApp<\/a> \u00e9 reconhecido como uma ferramenta de comunica\u00e7\u00e3o que prioriza a privacidade. Ao optar por essa plataforma, voc\u00ea demonstra uma prefer\u00eancia por intera\u00e7\u00f5es mais pessoais e diretas. As mensagens instant\u00e2neas, chamadas de voz e v\u00eddeo s\u00e3o recursos que permitem um contato mais pr\u00f3ximo, ideal para conversas com amigos e familiares.<\/p>\n<ul>\n<li><strong>Intera\u00e7\u00f5es mais \u00edntimas<\/strong>: O uso do WhatsApp sugere que voc\u00ea valoriza a privacidade e a confidencialidade nas suas comunica\u00e7\u00f5es.<\/li>\n<li><strong>Facilidade de uso<\/strong>: A interface simples e a possibilidade de criar grupos facilitam a intera\u00e7\u00e3o entre pessoas que compartilham interesses comuns.<\/li>\n<\/ul>\n<h3>A import\u00e2ncia da privacidade<\/h3>\n<ul>\n<li><strong>Controle sobre quem v\u00ea<\/strong>: No WhatsApp, o usu\u00e1rio tem controle total sobre quem pode ver suas informa\u00e7\u00f5es pessoais, como foto de perfil e status.<\/li>\n<li><strong>Conex\u00f5es significativas<\/strong>: A plataforma permite que as pessoas construam relacionamentos mais profundos, focando em intera\u00e7\u00f5es significativas em vez de um grande n\u00famero de contatos.<\/li>\n<\/ul>\n<h2>O que o Instagram representa?<\/h2>\n<figure id=\"attachment_107950\" aria-describedby=\"caption-attachment-107950\" style=\"width: 1024px\" class=\"wp-caption aligncenter\"><img decoding=\"async\" title=\"Escolha entre WhatsApp e Instagram reflete sua personalidade digital\" src=\"https:\/\/www.pensarcursos.com.br\/blog\/wp-content\/uploads\/2025\/05\/preferencia-instagram-ou-whatsapp-revela-personalidade-1024x683.webp\" alt=\"Homem sorridente tirando selfie com \u00edcones do Instagram flutuando ao redor do celular, simbolizando a prefer\u00eancia por redes sociais\" width=\"1024\" height=\"683\" \/><figcaption id=\"caption-attachment-107950\" class=\"wp-caption-text\">Descubra o que sua prefer\u00eancia pelo Instagram ou WhatsApp revela sobre voc\u00ea nas redes sociais &#8211; Imagem: Freepik<\/figcaption><\/figure>\n<h3>Express\u00e3o e conex\u00e3o<\/h3>\n<p>Por outro lado, o<a href=\"https:\/\/www.pensarcursos.com.br\/blog\/o-poder-esta-nas-suas-maos-aprenda-a-usar-o-instagram-para-divulgar-sua-empresa\/\" target=\"_blank\" rel=\"noopener\"> Instagram<\/a> \u00e9 uma rede social que se destaca pela sua natureza visual. Os usu\u00e1rios que preferem essa plataforma geralmente buscam uma forma de se expressar e se conectar com um p\u00fablico mais amplo. Atrav\u00e9s de fotos e v\u00eddeos, \u00e9 poss\u00edvel compartilhar momentos da vida, criatividade e interesses pessoais.<\/p>\n<ul>\n<li><strong>Constru\u00e7\u00e3o de imagem<\/strong>: O Instagram permite que voc\u00ea crie uma identidade visual que pode ser compartilhada com seguidores, ajudando a construir uma marca pessoal.<\/li>\n<li><strong>Intera\u00e7\u00e3o com o p\u00fablico<\/strong>: A plataforma oferece diversas ferramentas para intera\u00e7\u00e3o, como coment\u00e1rios, curtidas e mensagens diretas, promovendo um engajamento ativo.<\/li>\n<\/ul>\n<h3>A busca por valida\u00e7\u00e3o<\/h3>\n<p>A busca por valida\u00e7\u00e3o social \u00e9 um aspecto importante para muitos usu\u00e1rios do Instagram. O n\u00famero de curtidas e coment\u00e1rios pode influenciar a autoestima e a percep\u00e7\u00e3o de aceita\u00e7\u00e3o social.<\/p>\n<ul>\n<li><strong>Feedback instant\u00e2neo<\/strong>: A intera\u00e7\u00e3o r\u00e1pida e vis\u00edvel com o conte\u00fado postado pode gerar uma sensa\u00e7\u00e3o de aprova\u00e7\u00e3o e pertencimento.<\/li>\n<li><strong>Comunidade e apoio<\/strong>: O Instagram tamb\u00e9m pode ser um espa\u00e7o para encontrar comunidades que compartilham interesses semelhantes, oferecendo apoio e inspira\u00e7\u00e3o.<\/li>\n<\/ul>\n<h2>Comparando as duas plataformas<\/h2>\n<h3>Estilos de comunica\u00e7\u00e3o<\/h3>\n<p>A escolha entre WhatsApp e Instagram pode ser vista como uma reflex\u00e3o do estilo de comunica\u00e7\u00e3o de cada um. Enquanto o WhatsApp \u00e9 ideal para conversas diretas e privadas, o Instagram \u00e9 mais voltado para a express\u00e3o p\u00fablica e a constru\u00e7\u00e3o de uma imagem.<\/p>\n<table>\n<thead>\n<tr>\n<th>Aspecto<\/th>\n<th>WhatsApp<\/th>\n<th>Instagram<\/th>\n<\/tr>\n<\/thead>\n<tbody>\n<tr>\n<td>Tipo de comunica\u00e7\u00e3o<\/td>\n<td>Privada e direta<\/td>\n<td>P\u00fablica e visual<\/td>\n<\/tr>\n<tr>\n<td>Foco<\/td>\n<td>Intera\u00e7\u00f5es pessoais<\/td>\n<td>Express\u00e3o e conex\u00e3o<\/td>\n<\/tr>\n<tr>\n<td>Controle de privacidade<\/td>\n<td>Alto<\/td>\n<td>Moderado<\/td>\n<\/tr>\n<\/tbody>\n<\/table>\n<h2>O que a escolha revela sobre voc\u00ea?<\/h2>\n<p>Se voc\u00ea prefere o WhatsApp, significa que voc\u00ea pode ter um c\u00edrculo social mais restrito, mas mais \u00edntimo; por outro lado, se voc\u00ea prefere <a href=\"https:\/\/www.instagram.com\/\" target=\"_blank\" rel=\"noopener\">Instagram<\/a>, isso indica que voc\u00ea pode ter uma rede mais ampla, mas menos profunda.<\/p>\n<p>A escolha entre WhatsApp e Instagram n\u00e3o \u00e9 apenas uma quest\u00e3o de prefer\u00eancia por aplicativos, mas sim uma janela para entender como cada um se comunica e interage no mundo digital. Enquanto o WhatsApp oferece um espa\u00e7o seguro para conversas \u00edntimas, o Instagram permite uma express\u00e3o mais ampla e p\u00fablica. Essa escolha pode revelar muito sobre as prioridades e valores de cada indiv\u00edduo.<\/p>\n","protected":false},"excerpt":{"rendered":"<p>Voc\u00ea sabia que a escolha entre WhatsApp e Instagram vai al\u00e9m de uma simples prefer\u00eancia por aplicativos? Ela pode refletir aspectos profundos sobre como cada um se comunica e interage no ambiente digital. Enquanto o WhatsApp \u00e9 um espa\u00e7o para conversas mais \u00edntimas e privadas, o Instagram se destaca pela sua natureza visual e p\u00fablica, [&hellip;]<\/p>\n","protected":false},"author":46,"featured_media":107948,"comment_status":"open","ping_status":"closed","sticky":false,"template":"","format":"standard","meta":{"jnews-multi-image_gallery":[],"jnews_single_post":[],"jnews_primary_category":[],"jnews_social_meta":[],"jnews_override_counter":[],"footnotes":""},"categories":[27431,5],"tags":[28911,28908,28909,28910],"class_list":["post-107941","post","type-post","status-publish","format-standard","has-post-thumbnail","hentry","category-psicologia-e-comportamento","category-tecnologia","tag-personalidade-digital","tag-preferir-o-instagram-significado","tag-usar-o-whatsapp-significado","tag-usar-redes-sociais"],"yoast_head":"<!-- This site is optimized with the Yoast SEO Premium plugin v27.5 (Yoast SEO v27.5) - https:\/\/yoast.com\/product\/yoast-seo-premium-wordpress\/ -->\n<title>Voc\u00ea \u00e9 da turma do WhatsApp ou do Instagram? Sua escolha revela algo oculto - Blog Pensar Cursos<\/title>\n<meta name=\"description\" content=\"Voc\u00ea sabia que a escolha entre WhatsApp e Instagram vai al\u00e9m de uma simples prefer\u00eancia por aplicativos? Ela pode refletir aspectos profundos sobre como\" \/>\n<meta name=\"robots\" content=\"index, follow, max-snippet:-1, max-image-preview:large, max-video-preview:-1\" \/>\n<link rel=\"canonical\" href=\"https:\/\/www.pensarcursos.com.br\/blog\/voce-e-da-turma-do-whatsapp-ou-do-instagram-sua-escolha-revela-algo-oculto\/\" \/>\n<meta property=\"og:locale\" content=\"pt_BR\" \/>\n<meta property=\"og:type\" content=\"article\" \/>\n<meta property=\"og:title\" content=\"Voc\u00ea \u00e9 da turma do WhatsApp ou do Instagram? Sua escolha revela algo oculto\" \/>\n<meta property=\"og:description\" content=\"Voc\u00ea sabia que a escolha entre WhatsApp e Instagram vai al\u00e9m de uma simples prefer\u00eancia por aplicativos? Ela pode refletir aspectos profundos sobre como\" \/>\n<meta property=\"og:url\" content=\"https:\/\/www.pensarcursos.com.br\/blog\/voce-e-da-turma-do-whatsapp-ou-do-instagram-sua-escolha-revela-algo-oculto\/\" \/>\n<meta property=\"og:site_name\" content=\"Blog Pensar Cursos\" \/>\n<meta property=\"article:publisher\" content=\"https:\/\/www.facebook.com\/pensarcursos\/\" \/>\n<meta property=\"article:published_time\" content=\"2025-05-19T17:39:00+00:00\" \/>\n<meta property=\"og:image\" content=\"https:\/\/www.pensarcursos.com.br\/blog\/wp-content\/uploads\/2025\/05\/jovem-interage-com-seu-celular-e-simbolos-digitais.webp\" \/>\n\t<meta property=\"og:image:width\" content=\"1500\" \/>\n\t<meta property=\"og:image:height\" content=\"1000\" \/>\n\t<meta property=\"og:image:type\" content=\"image\/webp\" \/>\n<meta name=\"author\" content=\"Fabiana Moreira\" \/>\n<meta name=\"twitter:card\" content=\"summary_large_image\" \/>\n<meta name=\"twitter:label1\" content=\"Escrito por\" \/>\n\t<meta name=\"twitter:data1\" content=\"Fabiana Moreira\" \/>\n\t<meta name=\"twitter:label2\" content=\"Est. tempo de leitura\" \/>\n\t<meta name=\"twitter:data2\" content=\"4 minutos\" \/>\n<!-- \/ Yoast SEO Premium plugin. -->","yoast_head_json":{"title":"Voc\u00ea \u00e9 da turma do WhatsApp ou do Instagram? Sua escolha revela algo oculto - Blog Pensar Cursos","description":"Voc\u00ea sabia que a escolha entre WhatsApp e Instagram vai al\u00e9m de uma simples prefer\u00eancia por aplicativos? Ela pode refletir aspectos profundos sobre como","robots":{"index":"index","follow":"follow","max-snippet":"max-snippet:-1","max-image-preview":"max-image-preview:large","max-video-preview":"max-video-preview:-1"},"canonical":"https:\/\/www.pensarcursos.com.br\/blog\/voce-e-da-turma-do-whatsapp-ou-do-instagram-sua-escolha-revela-algo-oculto\/","og_locale":"pt_BR","og_type":"article","og_title":"Voc\u00ea \u00e9 da turma do WhatsApp ou do Instagram? Sua escolha revela algo oculto","og_description":"Voc\u00ea sabia que a escolha entre WhatsApp e Instagram vai al\u00e9m de uma simples prefer\u00eancia por aplicativos? Ela pode refletir aspectos profundos sobre como","og_url":"https:\/\/www.pensarcursos.com.br\/blog\/voce-e-da-turma-do-whatsapp-ou-do-instagram-sua-escolha-revela-algo-oculto\/","og_site_name":"Blog Pensar Cursos","article_publisher":"https:\/\/www.facebook.com\/pensarcursos\/","article_published_time":"2025-05-19T17:39:00+00:00","og_image":[{"width":1500,"height":1000,"url":"https:\/\/www.pensarcursos.com.br\/blog\/wp-content\/uploads\/2025\/05\/jovem-interage-com-seu-celular-e-simbolos-digitais.webp","type":"image\/webp"}],"author":"Fabiana Moreira","twitter_card":"summary_large_image","twitter_misc":{"Escrito por":"Fabiana Moreira","Est. tempo de leitura":"4 minutos"},"schema":{"@context":"https:\/\/schema.org","@graph":[{"@type":["Article","BlogPosting"],"@id":"https:\/\/www.pensarcursos.com.br\/blog\/voce-e-da-turma-do-whatsapp-ou-do-instagram-sua-escolha-revela-algo-oculto\/#article","isPartOf":{"@id":"https:\/\/www.pensarcursos.com.br\/blog\/voce-e-da-turma-do-whatsapp-ou-do-instagram-sua-escolha-revela-algo-oculto\/"},"author":{"name":"Fabiana Moreira","@id":"https:\/\/www.pensarcursos.com.br\/blog\/#\/schema\/person\/4a6396bf7f5e177aca2158241b5400b6"},"headline":"Voc\u00ea \u00e9 da turma do WhatsApp ou do Instagram? Sua escolha revela algo oculto","datePublished":"2025-05-19T17:39:00+00:00","mainEntityOfPage":{"@id":"https:\/\/www.pensarcursos.com.br\/blog\/voce-e-da-turma-do-whatsapp-ou-do-instagram-sua-escolha-revela-algo-oculto\/"},"wordCount":724,"commentCount":0,"publisher":{"@id":"https:\/\/www.pensarcursos.com.br\/blog\/#organization"},"image":{"@id":"https:\/\/www.pensarcursos.com.br\/blog\/voce-e-da-turma-do-whatsapp-ou-do-instagram-sua-escolha-revela-algo-oculto\/#primaryimage"},"thumbnailUrl":"https:\/\/www.pensarcursos.com.br\/blog\/wp-content\/uploads\/2025\/05\/jovem-interage-com-seu-celular-e-simbolos-digitais.webp","keywords":["Personalidade digital","Preferir o Instagram significado","Usar o WhatsApp significado","Usar redes sociais"],"articleSection":["Psicologia e Comportamento","Tecnologia"],"inLanguage":"pt-BR","potentialAction":[{"@type":"CommentAction","name":"Comment","target":["https:\/\/www.pensarcursos.com.br\/blog\/voce-e-da-turma-do-whatsapp-ou-do-instagram-sua-escolha-revela-algo-oculto\/#respond"]}],"copyrightYear":"2025","copyrightHolder":{"@id":"https:\/\/www.pensarcursos.com.br\/blog\/#organization"}},{"@type":"WebPage","@id":"https:\/\/www.pensarcursos.com.br\/blog\/voce-e-da-turma-do-whatsapp-ou-do-instagram-sua-escolha-revela-algo-oculto\/","url":"https:\/\/www.pensarcursos.com.br\/blog\/voce-e-da-turma-do-whatsapp-ou-do-instagram-sua-escolha-revela-algo-oculto\/","name":"Voc\u00ea \u00e9 da turma do WhatsApp ou do Instagram? Sua escolha revela algo oculto - Blog Pensar Cursos","isPartOf":{"@id":"https:\/\/www.pensarcursos.com.br\/blog\/#website"},"primaryImageOfPage":{"@id":"https:\/\/www.pensarcursos.com.br\/blog\/voce-e-da-turma-do-whatsapp-ou-do-instagram-sua-escolha-revela-algo-oculto\/#primaryimage"},"image":{"@id":"https:\/\/www.pensarcursos.com.br\/blog\/voce-e-da-turma-do-whatsapp-ou-do-instagram-sua-escolha-revela-algo-oculto\/#primaryimage"},"thumbnailUrl":"https:\/\/www.pensarcursos.com.br\/blog\/wp-content\/uploads\/2025\/05\/jovem-interage-com-seu-celular-e-simbolos-digitais.webp","datePublished":"2025-05-19T17:39:00+00:00","description":"Voc\u00ea sabia que a escolha entre WhatsApp e Instagram vai al\u00e9m de uma simples prefer\u00eancia por aplicativos? Ela pode refletir aspectos profundos sobre como","breadcrumb":{"@id":"https:\/\/www.pensarcursos.com.br\/blog\/voce-e-da-turma-do-whatsapp-ou-do-instagram-sua-escolha-revela-algo-oculto\/#breadcrumb"},"inLanguage":"pt-BR","potentialAction":[{"@type":"ReadAction","target":["https:\/\/www.pensarcursos.com.br\/blog\/voce-e-da-turma-do-whatsapp-ou-do-instagram-sua-escolha-revela-algo-oculto\/"]}]},{"@type":"ImageObject","inLanguage":"pt-BR","@id":"https:\/\/www.pensarcursos.com.br\/blog\/voce-e-da-turma-do-whatsapp-ou-do-instagram-sua-escolha-revela-algo-oculto\/#primaryimage","url":"https:\/\/www.pensarcursos.com.br\/blog\/wp-content\/uploads\/2025\/05\/jovem-interage-com-seu-celular-e-simbolos-digitais.webp","contentUrl":"https:\/\/www.pensarcursos.com.br\/blog\/wp-content\/uploads\/2025\/05\/jovem-interage-com-seu-celular-e-simbolos-digitais.webp","width":1500,"height":1000,"caption":"WhatsApp ou Instagram: qual rede reflete mais sua ess\u00eancia? Imagem: Freepik"},{"@type":"BreadcrumbList","@id":"https:\/\/www.pensarcursos.com.br\/blog\/voce-e-da-turma-do-whatsapp-ou-do-instagram-sua-escolha-revela-algo-oculto\/#breadcrumb","itemListElement":[{"@type":"ListItem","position":1,"name":"Home","item":"https:\/\/www.pensarcursos.com.br\/blog\/"},{"@type":"ListItem","position":2,"name":"Voc\u00ea \u00e9 da turma do WhatsApp ou do Instagram? Sua escolha revela algo oculto"}]},{"@type":"WebSite","@id":"https:\/\/www.pensarcursos.com.br\/blog\/#website","url":"https:\/\/www.pensarcursos.com.br\/blog\/","name":"Blog Pensar Cursos","description":"Maior Site de Cursos do Brasil","publisher":{"@id":"https:\/\/www.pensarcursos.com.br\/blog\/#organization"},"alternateName":"Blog Pensar","potentialAction":[{"@type":"SearchAction","target":{"@type":"EntryPoint","urlTemplate":"https:\/\/www.pensarcursos.com.br\/blog\/?s={search_term_string}"},"query-input":{"@type":"PropertyValueSpecification","valueRequired":true,"valueName":"search_term_string"}}],"inLanguage":"pt-BR"},{"@type":"Organization","@id":"https:\/\/www.pensarcursos.com.br\/blog\/#organization","name":"Pensar Cursos","alternateName":"Blog pensar","url":"https:\/\/www.pensarcursos.com.br\/blog\/","logo":{"@type":"ImageObject","inLanguage":"pt-BR","@id":"https:\/\/www.pensarcursos.com.br\/blog\/#\/schema\/logo\/image\/","url":"https:\/\/www.pensarcursos.com.br\/blog\/wp-content\/uploads\/2023\/11\/Nova-Logo-Pensar-Cursos-vertical.png","contentUrl":"https:\/\/www.pensarcursos.com.br\/blog\/wp-content\/uploads\/2023\/11\/Nova-Logo-Pensar-Cursos-vertical.png","width":1393,"height":1001,"caption":"Pensar Cursos"},"image":{"@id":"https:\/\/www.pensarcursos.com.br\/blog\/#\/schema\/logo\/image\/"},"sameAs":["https:\/\/www.facebook.com\/pensarcursos\/","https:\/\/instagram.com.br\/pensarcursos"],"description":"Pensar Cursos \u00e9 uma empresa especializada em oferecer cursos de alta qualidade voltados para o desenvolvimento profissional e acad\u00eamico. Com uma ampla gama de op\u00e7\u00f5es de treinamento, oferecemos conte\u00fados atualizados, ministrados por especialistas da \u00e1rea, para capacitar indiv\u00edduos e equipes a atingirem seus objetivos. Nossa miss\u00e3o \u00e9 proporcionar uma educa\u00e7\u00e3o transformadora, acess\u00edvel e personalizada para cada aluno, seja em cursos presenciais ou online. Com uma abordagem inovadora, buscamos adaptar os nossos programas de ensino \u00e0s necessidades do mercado, criando solu\u00e7\u00f5es que atendem aos desafios e exig\u00eancias do mundo corporativo e acad\u00eamico. Nossos cursos incluem desde forma\u00e7\u00f5es t\u00e9cnicas at\u00e9 habilidades essenciais, como lideran\u00e7a, gest\u00e3o e desenvolvimento pessoal.","email":"contato@pensarcursos.com.br","legalName":"Sena Servi\u00e7os de Informa\u00e7\u00e3o Online LTDA","foundingDate":"2013-04-18","vatID":"17956217000172","numberOfEmployees":{"@type":"QuantitativeValue","minValue":"11","maxValue":"50"},"publishingPrinciples":"https:\/\/www.pensarcursos.com.br\/blog\/principios-de-publicacao\/","ownershipFundingInfo":"https:\/\/www.pensarcursos.com.br\/blog\/informacoes-de-propriedade-financiamento\/","actionableFeedbackPolicy":"https:\/\/www.pensarcursos.com.br\/blog\/politica-de-feedback-acionavel\/","correctionsPolicy":"https:\/\/www.pensarcursos.com.br\/blog\/politica-de-correcoes\/","ethicsPolicy":"https:\/\/www.pensarcursos.com.br\/blog\/politica-de-etica\/"},{"@type":"Person","@id":"https:\/\/www.pensarcursos.com.br\/blog\/#\/schema\/person\/4a6396bf7f5e177aca2158241b5400b6","name":"Fabiana Moreira","image":{"@type":"ImageObject","inLanguage":"pt-BR","@id":"https:\/\/secure.gravatar.com\/avatar\/8c191b4b41b74baf1cfa8a181940e9fdd7cad505b5a5ff7625ddbc51c5b025bc?s=96&d=mm&r=g","url":"https:\/\/secure.gravatar.com\/avatar\/8c191b4b41b74baf1cfa8a181940e9fdd7cad505b5a5ff7625ddbc51c5b025bc?s=96&d=mm&r=g","contentUrl":"https:\/\/secure.gravatar.com\/avatar\/8c191b4b41b74baf1cfa8a181940e9fdd7cad505b5a5ff7625ddbc51c5b025bc?s=96&d=mm&r=g","caption":"Fabiana Moreira"},"description":"Graduanda em Letras pela Universidade Estadual da Bahia(UNEB). Redatora do grupo SENA ONLINE","url":"https:\/\/www.pensarcursos.com.br\/blog\/author\/fabiana\/"}]}},"_links":{"self":[{"href":"https:\/\/www.pensarcursos.com.br\/blog\/wp-json\/wp\/v2\/posts\/107941","targetHints":{"allow":["GET"]}}],"collection":[{"href":"https:\/\/www.pensarcursos.com.br\/blog\/wp-json\/wp\/v2\/posts"}],"about":[{"href":"https:\/\/www.pensarcursos.com.br\/blog\/wp-json\/wp\/v2\/types\/post"}],"author":[{"embeddable":true,"href":"https:\/\/www.pensarcursos.com.br\/blog\/wp-json\/wp\/v2\/users\/46"}],"replies":[{"embeddable":true,"href":"https:\/\/www.pensarcursos.com.br\/blog\/wp-json\/wp\/v2\/comments?post=107941"}],"version-history":[{"count":0,"href":"https:\/\/www.pensarcursos.com.br\/blog\/wp-json\/wp\/v2\/posts\/107941\/revisions"}],"wp:featuredmedia":[{"embeddable":true,"href":"https:\/\/www.pensarcursos.com.br\/blog\/wp-json\/wp\/v2\/media\/107948"}],"wp:attachment":[{"href":"https:\/\/www.pensarcursos.com.br\/blog\/wp-json\/wp\/v2\/media?parent=107941"}],"wp:term":[{"taxonomy":"category","embeddable":true,"href":"https:\/\/www.pensarcursos.com.br\/blog\/wp-json\/wp\/v2\/categories?post=107941"},{"taxonomy":"post_tag","embeddable":true,"href":"https:\/\/www.pensarcursos.com.br\/blog\/wp-json\/wp\/v2\/tags?post=107941"}],"curies":[{"name":"wp","href":"https:\/\/api.w.org\/{rel}","templated":true}]}}