{"id":107934,"date":"2025-05-19T19:39:58","date_gmt":"2025-05-19T22:39:58","guid":{"rendered":"https:\/\/www.pensarcursos.com.br\/blog\/?p=107934"},"modified":"2025-05-19T12:36:34","modified_gmt":"2025-05-19T15:36:34","slug":"ilusao-de-otica-encontre-o-homem","status":"publish","type":"post","link":"https:\/\/www.pensarcursos.com.br\/blog\/ilusao-de-otica-encontre-o-homem\/","title":{"rendered":"Ilus\u00e3o de \u00d3tica: encontre o homem escondido nesta imagem!"},"content":{"rendered":"<p>Ol\u00e1, tudo bem por a\u00ed? Preparado(a) para dar um est\u00edmulo no seu c\u00e9rebro e se divertir um pouquinho com esta ilus\u00e3o de \u00f3tica? Se a resposta for sim, voc\u00ea est\u00e1 no lugar certo! Hoje, voc\u00ea vai desafiar sua percep\u00e7\u00e3o e sua habilidade de observa\u00e7\u00e3o com os nossos <a href=\"https:\/\/www.pensarcursos.com.br\/blog\/desafio-logico-formar-8-quadrados\/\" target=\"_blank\" rel=\"noopener\"><strong>desafios l\u00f3gicos<\/strong><\/a>, <a href=\"https:\/\/www.pensarcursos.com.br\/blog\/teste-de-qi-encontre-a-cobra\/\" target=\"_blank\" rel=\"noopener\"><strong>testes de QI<\/strong><\/a>, <strong>quebra-cabe\u00e7as visuais<\/strong> e, claro, o bom e velho <a href=\"https:\/\/www.pensarcursos.com.br\/blog\/raciocinio-logico-encontrar-10\/\" target=\"_blank\" rel=\"noopener\"><strong>racioc\u00ednio l\u00f3gico<\/strong><\/a>.<\/p>\n<p>Sabe aquela alegria de quando a gente finalmente entende algo? \u00c9 essa a nossa meta por aqui, buscamos despertar em voc\u00ea aquela sensa\u00e7\u00e3o da descoberta e do entendimento. Desta forma, colocaremos seus neur\u00f4nios para trabalhar.<\/p>\n<h2>Encontre o homem oculto<\/h2>\n<p>O desafio de hoje ser\u00e1 um \u00f3timo teste para voc\u00ea, al\u00e9m de exercitar a sua mente, ele vem com um <strong>cron\u00f4metro de at\u00e9 25 segundos<\/strong>. Isso mesmo, o tempo \u00e9 um ingrediente importante nessa brincadeira. A ideia \u00e9 testar n\u00e3o s\u00f3 a sua capacidade de <b>localizar o homem escondido na ilus\u00e3o de \u00f3tica<\/b>, mas tamb\u00e9m a sua agilidade mental. N\u00e3o se preocupe, n\u00e3o \u00e9 nada de outro mundo, mas exige foco e rapidez.<\/p>\n<p>Imagine que voc\u00ea est\u00e1 em uma gincana cerebral, onde cada segundo conta para cruzar a linha de chegada com a resposta certa. Preparado para sentir uma dose de l\u00f3gica que vai lhe empolgar? <strong>Ent\u00e3o, respira fundo, relaxa e vamos nessa!<\/strong><\/p>\n<figure id=\"attachment_107942\" aria-describedby=\"caption-attachment-107942\" style=\"width: 1024px\" class=\"wp-caption aligncenter\"><img decoding=\"async\" class=\"wp-image-107942 size-large\" title=\"Este desenho curioso esconde uma figura humana. Voc\u00ea consegue encontrar?\" src=\"https:\/\/www.pensarcursos.com.br\/blog\/wp-content\/uploads\/2025\/05\/ilusao-de-otica-encontre-o-homem-escondido--1024x575.jpg\" alt=\"Ilustra\u00e7\u00e3o em tons de s\u00e9pia de um cavalo correndo, escondendo uma figura humana na imagem.\" width=\"1024\" height=\"575\" srcset=\"https:\/\/www.pensarcursos.com.br\/blog\/wp-content\/uploads\/2025\/05\/ilusao-de-otica-encontre-o-homem-escondido--1024x575.jpg 1024w, https:\/\/www.pensarcursos.com.br\/blog\/wp-content\/uploads\/2025\/05\/ilusao-de-otica-encontre-o-homem-escondido--300x169.jpg 300w, https:\/\/www.pensarcursos.com.br\/blog\/wp-content\/uploads\/2025\/05\/ilusao-de-otica-encontre-o-homem-escondido--768x431.jpg 768w, https:\/\/www.pensarcursos.com.br\/blog\/wp-content\/uploads\/2025\/05\/ilusao-de-otica-encontre-o-homem-escondido-.jpg 1200w\" sizes=\"(max-width: 1024px) 100vw, 1024px\" \/><figcaption id=\"caption-attachment-107942\" class=\"wp-caption-text\">Ilus\u00e3o de \u00f3tica cl\u00e1ssica: Voc\u00ea consegue ver o homem escondido no desenho do cavalo?<\/figcaption><\/figure>\n<h2>Que tal umas dicas que v\u00e3o te dar uma ajudinha nesta ilus\u00e3o de \u00f3tica?<\/h2>\n<ul>\n<li><strong>Observe as sombras e os contrastes<\/strong> \u2013 Em ilustra\u00e7\u00f5es em tons de s\u00e9pia, o jogo de luz e sombra pode esconder formas sutis. Olhe para \u00e1reas mais escuras ou onde os tons criam um contraste inesperado.<\/li>\n<li><strong>Analise o contorno do cavalo<\/strong> \u2013 O formato do corpo, da crina ou das pernas pode conter tra\u00e7os de um rosto disfar\u00e7ado. \u00c0s vezes, um olho ou um sorriso podem estar camuflados dentro das curvas do desenho.<\/li>\n<li><strong>Gire ou incline a imagem<\/strong> \u2013 Olhar para a ilustra\u00e7\u00e3o de um \u00e2ngulo diferente pode revelar elementos que antes pareciam apenas parte do fundo ou da textura do cavalo.<\/li>\n<li><strong>Busque padr\u00f5es repetitivos<\/strong> \u2013 Muitas vezes, o rosto escondido pode estar formado por um padr\u00e3o da imagem, como o movimento da crina, nuvens de poeira ao redor do cavalo ou at\u00e9 linhas sutis no fundo.<\/li>\n<li><strong>Afaste-se da tela e olhe novamente<\/strong> \u2013 Seu c\u00e9rebro pode captar padr\u00f5es ocultos mais facilmente quando voc\u00ea olha para a imagem de longe ou descansa os olhos por um momento antes de retornar \u00e0 busca.<\/li>\n<\/ul>\n<figure id=\"attachment_107942\" aria-describedby=\"caption-attachment-107942\" style=\"width: 1024px\" class=\"wp-caption aligncenter\"><img decoding=\"async\" class=\"wp-image-107942 size-large\" title=\"Este desenho curioso esconde uma figura humana. Voc\u00ea consegue encontrar?\" src=\"https:\/\/www.pensarcursos.com.br\/blog\/wp-content\/uploads\/2025\/05\/ilusao-de-otica-encontre-o-homem-escondido--1024x575.jpg\" alt=\"Ilustra\u00e7\u00e3o em tons de s\u00e9pia de um cavalo correndo, escondendo uma figura humana na imagem.\" width=\"1024\" height=\"575\" srcset=\"https:\/\/www.pensarcursos.com.br\/blog\/wp-content\/uploads\/2025\/05\/ilusao-de-otica-encontre-o-homem-escondido--1024x575.jpg 1024w, https:\/\/www.pensarcursos.com.br\/blog\/wp-content\/uploads\/2025\/05\/ilusao-de-otica-encontre-o-homem-escondido--300x169.jpg 300w, https:\/\/www.pensarcursos.com.br\/blog\/wp-content\/uploads\/2025\/05\/ilusao-de-otica-encontre-o-homem-escondido--768x431.jpg 768w, https:\/\/www.pensarcursos.com.br\/blog\/wp-content\/uploads\/2025\/05\/ilusao-de-otica-encontre-o-homem-escondido-.jpg 1200w\" sizes=\"(max-width: 1024px) 100vw, 1024px\" \/><figcaption id=\"caption-attachment-107942\" class=\"wp-caption-text\">Voc\u00ea consegue ver o homem escondido?<\/figcaption><\/figure>\n<h2>Vamos finalmente revelar a solu\u00e7\u00e3o da ilus\u00e3o de \u00f3tica<\/h2>\n<figure id=\"attachment_107945\" aria-describedby=\"caption-attachment-107945\" style=\"width: 619px\" class=\"wp-caption aligncenter\"><img decoding=\"async\" class=\"wp-image-107945 size-full\" title=\"Ilus\u00e3o de \u00f3tica cl\u00e1ssica: Voc\u00ea consegue ver o homem escondido no desenho do cavalo?\" src=\"https:\/\/www.pensarcursos.com.br\/blog\/wp-content\/uploads\/2025\/05\/ilusao-de-otica-encontre-o-homem-escondido-solucao.jpg\" alt=\"Solu\u00e7\u00e3o da ilus\u00e3o de \u00f3tica com uma ilustra\u00e7\u00e3o em tons de s\u00e9pia de um cavalo correndo, escondendo uma figura humana na imagem.\" width=\"619\" height=\"413\" srcset=\"https:\/\/www.pensarcursos.com.br\/blog\/wp-content\/uploads\/2025\/05\/ilusao-de-otica-encontre-o-homem-escondido-solucao.jpg 619w, https:\/\/www.pensarcursos.com.br\/blog\/wp-content\/uploads\/2025\/05\/ilusao-de-otica-encontre-o-homem-escondido-solucao-300x200.jpg 300w\" sizes=\"(max-width: 619px) 100vw, 619px\" \/><figcaption id=\"caption-attachment-107945\" class=\"wp-caption-text\">Voc\u00ea consegue encontrar?<\/figcaption><\/figure>\n<p><strong>E para voc\u00ea que talvez n\u00e3o tenha conseguido encontrar o homem escondido dentro do tempo estipulado, calma! Respira fundo e n\u00e3o se sinta frustrado.<\/strong> Os desafios visuais, desafios l\u00f3gicos, <a href=\"https:\/\/noticiasconcursos.com.br\/curiosidades\/testes-qi\/\" target=\"_blank\" rel=\"noopener\">testes de QI<\/a> s\u00e3o assim mesmo: \u00e0s vezes a gente acerta de primeira, outras vezes leva um tempinho a mais. O importante \u00e9 a divers\u00e3o, o exerc\u00edcio mental que voc\u00ea fez e o aprendizado que voc\u00ea adquiriu tentando. N\u00e3o desanime por essa tentativa!<\/p>\n<p>Cada desafio \u00e9 uma<strong> oportunidade de aprender algo novo<\/strong> sobre como a sua mente funciona. Continue praticando, continue curioso e n\u00e3o desista! No pr\u00f3ximo <strong><a href=\"https:\/\/www.pensarcursos.com.br\/blog\/teste-de-qi\/\">desafio<\/a><\/strong>, com certeza, voc\u00ea estar\u00e1 ainda mais preparado e quem sabe, a resposta estar\u00e1 esperando por voc\u00ea de bra\u00e7os abertos.<strong> Acredite no seu potencial,<\/strong> pois a pr\u00e1tica leva \u00e0 perfei\u00e7\u00e3o, e h\u00e1 diversos desafios esperando por voc\u00ea!!<\/p>\n","protected":false},"excerpt":{"rendered":"<p>Ol\u00e1, tudo bem por a\u00ed? Preparado(a) para dar um est\u00edmulo no seu c\u00e9rebro e se divertir um pouquinho com esta ilus\u00e3o de \u00f3tica? Se a resposta for sim, voc\u00ea est\u00e1 no lugar certo! Hoje, voc\u00ea vai desafiar sua percep\u00e7\u00e3o e sua habilidade de observa\u00e7\u00e3o com os nossos desafios l\u00f3gicos, testes de QI, quebra-cabe\u00e7as visuais e, [&hellip;]<\/p>\n","protected":false},"author":45,"featured_media":107937,"comment_status":"open","ping_status":"closed","sticky":false,"template":"","format":"standard","meta":{"jnews-multi-image_gallery":[],"jnews_single_post":[],"jnews_primary_category":[],"jnews_social_meta":[],"jnews_override_counter":[],"footnotes":""},"categories":[23322],"tags":[1464,8523,1499,1497],"class_list":["post-107934","post","type-post","status-publish","format-standard","has-post-thumbnail","hentry","category-teste-de-qi","tag-desafio-visual","tag-encontre-o-homem-escondido","tag-ilusao-de-otica","tag-teste-de-qi"],"yoast_head":"<!-- This site is optimized with the Yoast SEO Premium plugin v27.5 (Yoast SEO v27.5) - https:\/\/yoast.com\/product\/yoast-seo-premium-wordpress\/ -->\n<title>Ilus\u00e3o de \u00d3tica: encontre o homem escondido nesta imagem! - Blog Pensar Cursos<\/title>\n<meta name=\"description\" content=\"Ol\u00e1, tudo bem por a\u00ed? Preparado(a) para dar um est\u00edmulo no seu c\u00e9rebro e se divertir um pouquinho com esta ilus\u00e3o de \u00f3tica? Se a resposta for sim, voc\u00ea\" \/>\n<meta name=\"robots\" content=\"index, follow, max-snippet:-1, max-image-preview:large, max-video-preview:-1\" \/>\n<link rel=\"canonical\" href=\"https:\/\/www.pensarcursos.com.br\/blog\/ilusao-de-otica-encontre-o-homem\/\" \/>\n<meta property=\"og:locale\" content=\"pt_BR\" \/>\n<meta property=\"og:type\" content=\"article\" \/>\n<meta property=\"og:title\" content=\"Ilus\u00e3o de \u00d3tica: encontre o homem escondido nesta imagem!\" \/>\n<meta property=\"og:description\" content=\"Ol\u00e1, tudo bem por a\u00ed? Preparado(a) para dar um est\u00edmulo no seu c\u00e9rebro e se divertir um pouquinho com esta ilus\u00e3o de \u00f3tica? Se a resposta for sim, voc\u00ea\" \/>\n<meta property=\"og:url\" content=\"https:\/\/www.pensarcursos.com.br\/blog\/ilusao-de-otica-encontre-o-homem\/\" \/>\n<meta property=\"og:site_name\" content=\"Blog Pensar Cursos\" \/>\n<meta property=\"article:publisher\" content=\"https:\/\/www.facebook.com\/pensarcursos\/\" \/>\n<meta property=\"article:author\" content=\"https:\/\/www.facebook.com\/lferias\" \/>\n<meta property=\"article:published_time\" content=\"2025-05-19T22:39:58+00:00\" \/>\n<meta property=\"og:image\" content=\"https:\/\/www.pensarcursos.com.br\/blog\/wp-content\/uploads\/2025\/05\/ilusao-de-otica-encontre-o-homem-escondido-capa.jpg\" \/>\n\t<meta property=\"og:image:width\" content=\"1366\" \/>\n\t<meta property=\"og:image:height\" content=\"768\" \/>\n\t<meta property=\"og:image:type\" content=\"image\/jpeg\" \/>\n<meta name=\"author\" content=\"Leandro Macedo\" \/>\n<meta name=\"twitter:card\" content=\"summary_large_image\" \/>\n<meta name=\"twitter:label1\" content=\"Escrito por\" \/>\n\t<meta name=\"twitter:data1\" content=\"Leandro Macedo\" \/>\n\t<meta name=\"twitter:label2\" content=\"Est. tempo de leitura\" \/>\n\t<meta name=\"twitter:data2\" content=\"3 minutos\" \/>\n<!-- \/ Yoast SEO Premium plugin. -->","yoast_head_json":{"title":"Ilus\u00e3o de \u00d3tica: encontre o homem escondido nesta imagem! - Blog Pensar Cursos","description":"Ol\u00e1, tudo bem por a\u00ed? Preparado(a) para dar um est\u00edmulo no seu c\u00e9rebro e se divertir um pouquinho com esta ilus\u00e3o de \u00f3tica? Se a resposta for sim, voc\u00ea","robots":{"index":"index","follow":"follow","max-snippet":"max-snippet:-1","max-image-preview":"max-image-preview:large","max-video-preview":"max-video-preview:-1"},"canonical":"https:\/\/www.pensarcursos.com.br\/blog\/ilusao-de-otica-encontre-o-homem\/","og_locale":"pt_BR","og_type":"article","og_title":"Ilus\u00e3o de \u00d3tica: encontre o homem escondido nesta imagem!","og_description":"Ol\u00e1, tudo bem por a\u00ed? Preparado(a) para dar um est\u00edmulo no seu c\u00e9rebro e se divertir um pouquinho com esta ilus\u00e3o de \u00f3tica? Se a resposta for sim, voc\u00ea","og_url":"https:\/\/www.pensarcursos.com.br\/blog\/ilusao-de-otica-encontre-o-homem\/","og_site_name":"Blog Pensar Cursos","article_publisher":"https:\/\/www.facebook.com\/pensarcursos\/","article_author":"https:\/\/www.facebook.com\/lferias","article_published_time":"2025-05-19T22:39:58+00:00","og_image":[{"width":1366,"height":768,"url":"https:\/\/www.pensarcursos.com.br\/blog\/wp-content\/uploads\/2025\/05\/ilusao-de-otica-encontre-o-homem-escondido-capa.jpg","type":"image\/jpeg"}],"author":"Leandro Macedo","twitter_card":"summary_large_image","twitter_misc":{"Escrito por":"Leandro Macedo","Est. tempo de leitura":"3 minutos"},"schema":{"@context":"https:\/\/schema.org","@graph":[{"@type":["Article","BlogPosting"],"@id":"https:\/\/www.pensarcursos.com.br\/blog\/ilusao-de-otica-encontre-o-homem\/#article","isPartOf":{"@id":"https:\/\/www.pensarcursos.com.br\/blog\/ilusao-de-otica-encontre-o-homem\/"},"author":{"name":"Leandro Macedo","@id":"https:\/\/www.pensarcursos.com.br\/blog\/#\/schema\/person\/634d9130f0a946531a5127a8a11de377"},"headline":"Ilus\u00e3o de \u00d3tica: encontre o homem escondido nesta imagem!","datePublished":"2025-05-19T22:39:58+00:00","mainEntityOfPage":{"@id":"https:\/\/www.pensarcursos.com.br\/blog\/ilusao-de-otica-encontre-o-homem\/"},"wordCount":630,"commentCount":0,"publisher":{"@id":"https:\/\/www.pensarcursos.com.br\/blog\/#organization"},"image":{"@id":"https:\/\/www.pensarcursos.com.br\/blog\/ilusao-de-otica-encontre-o-homem\/#primaryimage"},"thumbnailUrl":"https:\/\/www.pensarcursos.com.br\/blog\/wp-content\/uploads\/2025\/05\/ilusao-de-otica-encontre-o-homem-escondido-capa.jpg","keywords":["desafio visual","encontre o homem escondido","ilus\u00e3o de \u00f3tica","teste de QI"],"articleSection":["Teste de QI"],"inLanguage":"pt-BR","potentialAction":[{"@type":"CommentAction","name":"Comment","target":["https:\/\/www.pensarcursos.com.br\/blog\/ilusao-de-otica-encontre-o-homem\/#respond"]}],"copyrightYear":"2025","copyrightHolder":{"@id":"https:\/\/www.pensarcursos.com.br\/blog\/#organization"}},{"@type":"WebPage","@id":"https:\/\/www.pensarcursos.com.br\/blog\/ilusao-de-otica-encontre-o-homem\/","url":"https:\/\/www.pensarcursos.com.br\/blog\/ilusao-de-otica-encontre-o-homem\/","name":"Ilus\u00e3o de \u00d3tica: encontre o homem escondido nesta imagem! - Blog Pensar Cursos","isPartOf":{"@id":"https:\/\/www.pensarcursos.com.br\/blog\/#website"},"primaryImageOfPage":{"@id":"https:\/\/www.pensarcursos.com.br\/blog\/ilusao-de-otica-encontre-o-homem\/#primaryimage"},"image":{"@id":"https:\/\/www.pensarcursos.com.br\/blog\/ilusao-de-otica-encontre-o-homem\/#primaryimage"},"thumbnailUrl":"https:\/\/www.pensarcursos.com.br\/blog\/wp-content\/uploads\/2025\/05\/ilusao-de-otica-encontre-o-homem-escondido-capa.jpg","datePublished":"2025-05-19T22:39:58+00:00","description":"Ol\u00e1, tudo bem por a\u00ed? Preparado(a) para dar um est\u00edmulo no seu c\u00e9rebro e se divertir um pouquinho com esta ilus\u00e3o de \u00f3tica? Se a resposta for sim, voc\u00ea","breadcrumb":{"@id":"https:\/\/www.pensarcursos.com.br\/blog\/ilusao-de-otica-encontre-o-homem\/#breadcrumb"},"inLanguage":"pt-BR","potentialAction":[{"@type":"ReadAction","target":["https:\/\/www.pensarcursos.com.br\/blog\/ilusao-de-otica-encontre-o-homem\/"]}]},{"@type":"ImageObject","inLanguage":"pt-BR","@id":"https:\/\/www.pensarcursos.com.br\/blog\/ilusao-de-otica-encontre-o-homem\/#primaryimage","url":"https:\/\/www.pensarcursos.com.br\/blog\/wp-content\/uploads\/2025\/05\/ilusao-de-otica-encontre-o-homem-escondido-capa.jpg","contentUrl":"https:\/\/www.pensarcursos.com.br\/blog\/wp-content\/uploads\/2025\/05\/ilusao-de-otica-encontre-o-homem-escondido-capa.jpg","width":1366,"height":768,"caption":"Este desenho curioso esconde uma figura humana. Voc\u00ea consegue encontrar? Imagem: reddit"},{"@type":"BreadcrumbList","@id":"https:\/\/www.pensarcursos.com.br\/blog\/ilusao-de-otica-encontre-o-homem\/#breadcrumb","itemListElement":[{"@type":"ListItem","position":1,"name":"Home","item":"https:\/\/www.pensarcursos.com.br\/blog\/"},{"@type":"ListItem","position":2,"name":"Ilus\u00e3o de \u00d3tica: encontre o homem escondido nesta imagem!"}]},{"@type":"WebSite","@id":"https:\/\/www.pensarcursos.com.br\/blog\/#website","url":"https:\/\/www.pensarcursos.com.br\/blog\/","name":"Blog Pensar Cursos","description":"Maior Site de Cursos do Brasil","publisher":{"@id":"https:\/\/www.pensarcursos.com.br\/blog\/#organization"},"alternateName":"Blog Pensar","potentialAction":[{"@type":"SearchAction","target":{"@type":"EntryPoint","urlTemplate":"https:\/\/www.pensarcursos.com.br\/blog\/?s={search_term_string}"},"query-input":{"@type":"PropertyValueSpecification","valueRequired":true,"valueName":"search_term_string"}}],"inLanguage":"pt-BR"},{"@type":"Organization","@id":"https:\/\/www.pensarcursos.com.br\/blog\/#organization","name":"Pensar Cursos","alternateName":"Blog pensar","url":"https:\/\/www.pensarcursos.com.br\/blog\/","logo":{"@type":"ImageObject","inLanguage":"pt-BR","@id":"https:\/\/www.pensarcursos.com.br\/blog\/#\/schema\/logo\/image\/","url":"https:\/\/www.pensarcursos.com.br\/blog\/wp-content\/uploads\/2023\/11\/Nova-Logo-Pensar-Cursos-vertical.png","contentUrl":"https:\/\/www.pensarcursos.com.br\/blog\/wp-content\/uploads\/2023\/11\/Nova-Logo-Pensar-Cursos-vertical.png","width":1393,"height":1001,"caption":"Pensar Cursos"},"image":{"@id":"https:\/\/www.pensarcursos.com.br\/blog\/#\/schema\/logo\/image\/"},"sameAs":["https:\/\/www.facebook.com\/pensarcursos\/","https:\/\/instagram.com.br\/pensarcursos"],"description":"Pensar Cursos \u00e9 uma empresa especializada em oferecer cursos de alta qualidade voltados para o desenvolvimento profissional e acad\u00eamico. Com uma ampla gama de op\u00e7\u00f5es de treinamento, oferecemos conte\u00fados atualizados, ministrados por especialistas da \u00e1rea, para capacitar indiv\u00edduos e equipes a atingirem seus objetivos. Nossa miss\u00e3o \u00e9 proporcionar uma educa\u00e7\u00e3o transformadora, acess\u00edvel e personalizada para cada aluno, seja em cursos presenciais ou online. Com uma abordagem inovadora, buscamos adaptar os nossos programas de ensino \u00e0s necessidades do mercado, criando solu\u00e7\u00f5es que atendem aos desafios e exig\u00eancias do mundo corporativo e acad\u00eamico. Nossos cursos incluem desde forma\u00e7\u00f5es t\u00e9cnicas at\u00e9 habilidades essenciais, como lideran\u00e7a, gest\u00e3o e desenvolvimento pessoal.","email":"contato@pensarcursos.com.br","legalName":"Sena Servi\u00e7os de Informa\u00e7\u00e3o Online LTDA","foundingDate":"2013-04-18","vatID":"17956217000172","numberOfEmployees":{"@type":"QuantitativeValue","minValue":"11","maxValue":"50"},"publishingPrinciples":"https:\/\/www.pensarcursos.com.br\/blog\/principios-de-publicacao\/","ownershipFundingInfo":"https:\/\/www.pensarcursos.com.br\/blog\/informacoes-de-propriedade-financiamento\/","actionableFeedbackPolicy":"https:\/\/www.pensarcursos.com.br\/blog\/politica-de-feedback-acionavel\/","correctionsPolicy":"https:\/\/www.pensarcursos.com.br\/blog\/politica-de-correcoes\/","ethicsPolicy":"https:\/\/www.pensarcursos.com.br\/blog\/politica-de-etica\/"},{"@type":"Person","@id":"https:\/\/www.pensarcursos.com.br\/blog\/#\/schema\/person\/634d9130f0a946531a5127a8a11de377","name":"Leandro Macedo","image":{"@type":"ImageObject","inLanguage":"pt-BR","@id":"https:\/\/secure.gravatar.com\/avatar\/bd5c84a956e2609c5844e1eed35517c63494be8421e663f95dd3ba75ff82c742?s=96&d=mm&r=g","url":"https:\/\/secure.gravatar.com\/avatar\/bd5c84a956e2609c5844e1eed35517c63494be8421e663f95dd3ba75ff82c742?s=96&d=mm&r=g","contentUrl":"https:\/\/secure.gravatar.com\/avatar\/bd5c84a956e2609c5844e1eed35517c63494be8421e663f95dd3ba75ff82c742?s=96&d=mm&r=g","caption":"Leandro Macedo"},"description":"Graduando em Marketing. Redator do Grupo Sena Online","sameAs":["https:\/\/www.facebook.com\/lferias"],"url":"https:\/\/www.pensarcursos.com.br\/blog\/author\/leandro\/"}]}},"_links":{"self":[{"href":"https:\/\/www.pensarcursos.com.br\/blog\/wp-json\/wp\/v2\/posts\/107934","targetHints":{"allow":["GET"]}}],"collection":[{"href":"https:\/\/www.pensarcursos.com.br\/blog\/wp-json\/wp\/v2\/posts"}],"about":[{"href":"https:\/\/www.pensarcursos.com.br\/blog\/wp-json\/wp\/v2\/types\/post"}],"author":[{"embeddable":true,"href":"https:\/\/www.pensarcursos.com.br\/blog\/wp-json\/wp\/v2\/users\/45"}],"replies":[{"embeddable":true,"href":"https:\/\/www.pensarcursos.com.br\/blog\/wp-json\/wp\/v2\/comments?post=107934"}],"version-history":[{"count":0,"href":"https:\/\/www.pensarcursos.com.br\/blog\/wp-json\/wp\/v2\/posts\/107934\/revisions"}],"wp:featuredmedia":[{"embeddable":true,"href":"https:\/\/www.pensarcursos.com.br\/blog\/wp-json\/wp\/v2\/media\/107937"}],"wp:attachment":[{"href":"https:\/\/www.pensarcursos.com.br\/blog\/wp-json\/wp\/v2\/media?parent=107934"}],"wp:term":[{"taxonomy":"category","embeddable":true,"href":"https:\/\/www.pensarcursos.com.br\/blog\/wp-json\/wp\/v2\/categories?post=107934"},{"taxonomy":"post_tag","embeddable":true,"href":"https:\/\/www.pensarcursos.com.br\/blog\/wp-json\/wp\/v2\/tags?post=107934"}],"curies":[{"name":"wp","href":"https:\/\/api.w.org\/{rel}","templated":true}]}}