{"id":107794,"date":"2025-05-18T16:19:17","date_gmt":"2025-05-18T19:19:17","guid":{"rendered":"https:\/\/www.pensarcursos.com.br\/blog\/?p=107794"},"modified":"2025-05-17T09:53:58","modified_gmt":"2025-05-17T12:53:58","slug":"quais-sao-os-tipos-de-aposentadoria-disponiveis","status":"publish","type":"post","link":"https:\/\/www.pensarcursos.com.br\/blog\/quais-sao-os-tipos-de-aposentadoria-disponiveis\/","title":{"rendered":"Quais s\u00e3o os tipos de aposentadoria dispon\u00edveis?"},"content":{"rendered":"<p>A <a href=\"https:\/\/www.gov.br\/pt-br\/servicos\/simular-aposentadoria\" target=\"_blank\" rel=\"noopener\">aposentadoria <\/a>\u00e9 um momento importante na vida de qualquer pessoa, e entender as op\u00e7\u00f5es dispon\u00edveis pode fazer toda a diferen\u00e7a na hora de planejar um futuro tranquilo. Com as constantes mudan\u00e7as nas leis de previd\u00eancia, \u00e9 essencial conhecer os tipos de aposentadoria e descobrir qual se encaixa melhor no seu perfil.<\/p>\n<h2><strong>Tipos de aposentadoria<\/strong><\/h2>\n<h3>Aposentadoria para trabalhadores com defici\u00eancia por idade<\/h3>\n<p>Essa modalidade busca proporcionar mais acessibilidade a quem enfrenta limita\u00e7\u00f5es devido a uma defici\u00eancia. A idade m\u00ednima exigida \u00e9 reduzida para garantir que esses trabalhadores possam se aposentar mais cedo.<\/p>\n<h4><strong>Requisitos:<\/strong><\/h4>\n<ul>\n<li><strong>Idade m\u00ednima:<\/strong> 60 anos (homens) e 55 anos (mulheres).<\/li>\n<li><strong>Tempo de contribui\u00e7\u00e3o:<\/strong> M\u00ednimo de 180 meses de contribui\u00e7\u00f5es ou de atividade rural na condi\u00e7\u00e3o de pessoa com defici\u00eancia.<\/li>\n<li><strong>Comprova\u00e7\u00e3o:<\/strong> Laudo m\u00e9dico que ateste a defici\u00eancia.<\/li>\n<\/ul>\n<h3>Aposentadoria por idade rural<\/h3>\n<p>Os trabalhadores do campo desempenham um papel fundamental na sociedade, e essa modalidade reconhece suas condi\u00e7\u00f5es de <a href=\"https:\/\/www.pensarcursos.com.br\/blog\/quais-sao-os-direitos-trabalhistas\/\" target=\"_blank\" rel=\"noopener\">trabalho<\/a>, garantindo regras diferenciadas para a aposentadoria.<\/p>\n<h4><strong>Requisitos: <\/strong><\/h4>\n<ul>\n<li><strong>Idade m\u00ednima:<\/strong> Mulheres podem solicitar a partir dos 55 anos e homens a partir dos 60 anos.<\/li>\n<li><strong>Tempo de atividade rural:<\/strong> \u00c9 necess\u00e1rio ter, no m\u00ednimo, 15 anos de atua\u00e7\u00e3o comprovada nas atividades rurais.<\/li>\n<li><strong>Comprova\u00e7\u00e3o:<\/strong> Notas fiscais de venda de produtos agr\u00edcolas podem ser utilizadas para validar a atividade.<\/li>\n<\/ul>\n<h3>Aposentadoria por idade urbana<\/h3>\n<p>A op\u00e7\u00e3o mais comum entre os trabalhadores urbanos, seguindo requisitos espec\u00edficos estabelecidos pela legisla\u00e7\u00e3o previdenci\u00e1ria.<\/p>\n<h4><strong>Requisitos:<\/strong><\/h4>\n<ul>\n<li><strong>Idade m\u00ednima:<\/strong> A aposentadoria pode ser solicitada pelas mulheres aos 62 anos e pelos homens aos 65 anos.<\/li>\n<li><strong>Tempo de contribui\u00e7\u00e3o:<\/strong> \u00c9 preciso ter contribu\u00eddo pelo menos 15 anos para Previd\u00eancia Social.<\/li>\n<\/ul>\n<h3>Aposentadoria por tempo de contribui\u00e7\u00e3o<\/h3>\n<p>Ideal para aqueles que come\u00e7aram a trabalhar cedo e desejam se aposentar antes de atingir a idade m\u00ednima exigida, desde que tenham o tempo suficiente de contribui\u00e7\u00e3o.<\/p>\n<h4><strong>Requisitos: <\/strong><\/h4>\n<ul>\n<li><strong>Tempo de contribui\u00e7\u00e3o:<\/strong> 35 anos para homens e 30 anos para mulheres.<\/li>\n<li><strong>Sem idade m\u00ednima:<\/strong> A aposentadoria \u00e9 concedida independentemente da idade, desde que o tempo exigido seja cumprido.<\/li>\n<\/ul>\n<figure id=\"attachment_107803\" aria-describedby=\"caption-attachment-107803\" style=\"width: 1170px\" class=\"wp-caption aligncenter\"><img decoding=\"async\" class=\"size-full wp-image-107803\" title=\"Atendimento no INSS para informa\u00e7\u00f5es sobre aposentadoria\" src=\"https:\/\/www.pensarcursos.com.br\/blog\/wp-content\/uploads\/2025\/05\/tipos-de-aposentadoria.jpg.webp\" alt=\"Atendimento presencial para esclarecer d\u00favidas sobre aposentadoria no INSS.\" width=\"1170\" height=\"700\" srcset=\"https:\/\/www.pensarcursos.com.br\/blog\/wp-content\/uploads\/2025\/05\/tipos-de-aposentadoria.jpg.webp 1170w, https:\/\/www.pensarcursos.com.br\/blog\/wp-content\/uploads\/2025\/05\/tipos-de-aposentadoria.jpg-300x179.webp 300w, https:\/\/www.pensarcursos.com.br\/blog\/wp-content\/uploads\/2025\/05\/tipos-de-aposentadoria.jpg-1024x613.webp 1024w, https:\/\/www.pensarcursos.com.br\/blog\/wp-content\/uploads\/2025\/05\/tipos-de-aposentadoria.jpg-768x459.webp 768w\" sizes=\"(max-width: 1170px) 100vw, 1170px\" \/><figcaption id=\"caption-attachment-107803\" class=\"wp-caption-text\">Busque orienta\u00e7\u00e3o no INSS e tire suas d\u00favidas sobre aposentadoria.<br \/>Imagem: Ag\u00eancia Brasil<\/figcaption><\/figure>\n<h3>Aposentadoria por tempo de contribui\u00e7\u00e3o de pessoa com defici\u00eancia f\u00edsica<\/h3>\n<p>Seguindo o mesmo princ\u00edpio da aposentadoria por idade, essa modalidade oferece condi\u00e7\u00f5es diferenciadas para aqueles que enfrentam limita\u00e7\u00f5es.<\/p>\n<h4><strong>Requisitos:<\/strong><\/h4>\n<ul>\n<li><strong>Tempo de contribui\u00e7\u00e3o: <\/strong>\u00c9 obrigat\u00f3rio ter, no m\u00ednimo, 180 meses de contribui\u00e7\u00e3o comprovando o exerc\u00edcio da atividade como pessoa com defici\u00eancia.<\/li>\n<li><strong>Tempo exigido conforme o grau da defici\u00eancia:<\/strong>\n<ul>\n<li><strong>Leve: <\/strong>Em caso de defici\u00eancia leve, o tempo de contribui\u00e7\u00e3o exigido \u00e9 de 33 anos para homens e 28 anos para mulheres, garantindo o acesso \u00e0 aposentadoria.<\/li>\n<li><strong>Moderado: <\/strong>Para defici\u00eancia de grau moderado, s\u00e3o exigidos 29 anos de contribui\u00e7\u00e3o para homens e 24 anos para mulheres.<\/li>\n<li><strong>Grave:<\/strong>Quando a defici\u00eancia \u00e9 considerada grave, a aposentadoria pode ser solicitada ap\u00f3s 25 anos de contribui\u00e7\u00e3o para homens e 20 anos para mulheres.<\/li>\n<\/ul>\n<\/li>\n<\/ul>\n<p>A avalia\u00e7\u00e3o do grau da defici\u00eancia ser\u00e1 feita por per\u00edcia m\u00e9dica e pelo servi\u00e7o social do <a href=\"https:\/\/www.gov.br\/inss\/pt-br\" target=\"_blank\" rel=\"noopener\">INSS<\/a>.<\/p>\n<h3>Aposentadoria por incapacidade permanente<\/h3>\n<p>Voltada para trabalhadores que, devido a problemas de sa\u00fade, n\u00e3o podem mais exercer suas atividades laborais.<\/p>\n<h4><strong>Requisitos:<\/strong><\/h4>\n<ul>\n<li><strong>Comprova\u00e7\u00e3o da incapacidade:<\/strong> Laudo m\u00e9dico atestando incapacidade permanente para o trabalho.<\/li>\n<li><strong>Sem tempo m\u00ednimo de contribui\u00e7\u00e3o:<\/strong> Garantindo prote\u00e7\u00e3o imediata a quem necessita.<\/li>\n<\/ul>\n<p><strong>Acr\u00e9scimo de 25% no benef\u00edcio:<\/strong> Caso o aposentado necessite de assist\u00eancia cont\u00ednua de terceiros, h\u00e1 a possibilidade de um aumento de 25% no valor da aposentadoria, mediante comprova\u00e7\u00e3o m\u00e9dica.<\/p>\n<h2><strong>E se voc\u00ea pudesse se aposentar mais cedo?<\/strong><\/h2>\n<p>A <a href=\"https:\/\/www.pensarcursos.com.br\/blog\/idade-minima-aposentadoria-especial-inss\/\" target=\"_blank\" rel=\"noopener\"><strong>aposentadoria especial<\/strong> <\/a>\u00e9 um benef\u00edcio concedido pelo Instituto Nacional do Seguro Social (INSS) a trabalhadores que estiveram expostos a condi\u00e7\u00f5es prejudiciais \u00e0 sa\u00fade.<\/p>\n<p>J\u00e1 pensou em garantir sua aposentadoria antecipada por conta de trabalhos que colocam sua sa\u00fade em risco com o passar do tempo? Esse tipo de aposentadoria foi criado justamente para proteger aqueles que desempenham fun\u00e7\u00f5es em ambientes insalubres ou perigosos.<\/p>\n<p>Entre as profiss\u00f5es que podem solicitar a aposentadoria especial est\u00e3o metal\u00fargicos, enfermeiros, qu\u00edmicos, eletricistas, mineradores, entre outros.<\/p>\n<h2><strong>O futuro come\u00e7a agora<\/strong><\/h2>\n<p>Com tantas op\u00e7\u00f5es dispon\u00edveis, conhecer as regras de cada tipo de aposentadoria \u00e9 fundamental para fazer escolhas conscientes e garantir um futuro mais tranquilo. Planejar-se antecipadamente \u00e9 a melhor forma de conquistar seguran\u00e7a financeira e aproveitar essa nova fase da vida com qualidade e bem-estar.<\/p>\n<p>J\u00e1 pensou em qual modalidade melhor se encaixa na sua realidade? Quanto mais cedo voc\u00ea organizar seu futuro, maior ser\u00e1 sua tranquilidade quando a aposentadoria chegar.<\/p>\n","protected":false},"excerpt":{"rendered":"<p>A aposentadoria \u00e9 um momento importante na vida de qualquer pessoa, e entender as op\u00e7\u00f5es dispon\u00edveis pode fazer toda a diferen\u00e7a na hora de planejar um futuro tranquilo. Com as constantes mudan\u00e7as nas leis de previd\u00eancia, \u00e9 essencial conhecer os tipos de aposentadoria e descobrir qual se encaixa melhor no seu perfil. Tipos de aposentadoria [&hellip;]<\/p>\n","protected":false},"author":49,"featured_media":107800,"comment_status":"open","ping_status":"closed","sticky":false,"template":"","format":"standard","meta":{"jnews-multi-image_gallery":[],"jnews_single_post":[],"jnews_primary_category":[],"jnews_social_meta":[],"jnews_override_counter":[],"footnotes":""},"categories":[1691],"tags":[28887,2886,28886,6000,9045,28172,5332],"class_list":["post-107794","post","type-post","status-publish","format-standard","has-post-thumbnail","hentry","category-direitos-do-trabalhador","tag-aposentadoria-para-pessoas-com-deficiencia","tag-aposentadoria-por-idade","tag-aposentadoria-por-incapacidade","tag-aposentadoria-por-tempo-de-contribuicao","tag-aposentadoria-rural","tag-aposentadorias","tag-tipos-de-aposentadorias"],"yoast_head":"<!-- This site is optimized with the Yoast SEO Premium plugin v27.5 (Yoast SEO v27.5) - https:\/\/yoast.com\/product\/yoast-seo-premium-wordpress\/ -->\n<title>Quais s\u00e3o os tipos de aposentadoria dispon\u00edveis? - Blog Pensar Cursos<\/title>\n<meta name=\"description\" content=\"A aposentadoria \u00e9 um momento importante na vida de qualquer pessoa, e entender as op\u00e7\u00f5es dispon\u00edveis pode fazer toda a diferen\u00e7a na hora de planejar um\" \/>\n<meta name=\"robots\" content=\"index, follow, max-snippet:-1, max-image-preview:large, max-video-preview:-1\" \/>\n<link rel=\"canonical\" href=\"https:\/\/www.pensarcursos.com.br\/blog\/quais-sao-os-tipos-de-aposentadoria-disponiveis\/\" \/>\n<meta property=\"og:locale\" content=\"pt_BR\" \/>\n<meta property=\"og:type\" content=\"article\" \/>\n<meta property=\"og:title\" content=\"Quais s\u00e3o os tipos de aposentadoria dispon\u00edveis?\" \/>\n<meta property=\"og:description\" content=\"A aposentadoria \u00e9 um momento importante na vida de qualquer pessoa, e entender as op\u00e7\u00f5es dispon\u00edveis pode fazer toda a diferen\u00e7a na hora de planejar um\" \/>\n<meta property=\"og:url\" content=\"https:\/\/www.pensarcursos.com.br\/blog\/quais-sao-os-tipos-de-aposentadoria-disponiveis\/\" \/>\n<meta property=\"og:site_name\" content=\"Blog Pensar Cursos\" \/>\n<meta property=\"article:publisher\" content=\"https:\/\/www.facebook.com\/pensarcursos\/\" \/>\n<meta property=\"article:published_time\" content=\"2025-05-18T19:19:17+00:00\" \/>\n<meta property=\"og:image\" content=\"https:\/\/www.pensarcursos.com.br\/blog\/wp-content\/uploads\/2025\/05\/casal-sorrindo-planejando-o-futuro.webp\" \/>\n\t<meta property=\"og:image:width\" content=\"1200\" \/>\n\t<meta property=\"og:image:height\" content=\"800\" \/>\n\t<meta property=\"og:image:type\" content=\"image\/webp\" \/>\n<meta name=\"author\" content=\"Gabriela Machado\" \/>\n<meta name=\"twitter:card\" content=\"summary_large_image\" \/>\n<meta name=\"twitter:label1\" content=\"Escrito por\" \/>\n\t<meta name=\"twitter:data1\" content=\"Gabriela Machado\" \/>\n\t<meta name=\"twitter:label2\" content=\"Est. tempo de leitura\" \/>\n\t<meta name=\"twitter:data2\" content=\"4 minutos\" \/>\n<!-- \/ Yoast SEO Premium plugin. -->","yoast_head_json":{"title":"Quais s\u00e3o os tipos de aposentadoria dispon\u00edveis? - Blog Pensar Cursos","description":"A aposentadoria \u00e9 um momento importante na vida de qualquer pessoa, e entender as op\u00e7\u00f5es dispon\u00edveis pode fazer toda a diferen\u00e7a na hora de planejar um","robots":{"index":"index","follow":"follow","max-snippet":"max-snippet:-1","max-image-preview":"max-image-preview:large","max-video-preview":"max-video-preview:-1"},"canonical":"https:\/\/www.pensarcursos.com.br\/blog\/quais-sao-os-tipos-de-aposentadoria-disponiveis\/","og_locale":"pt_BR","og_type":"article","og_title":"Quais s\u00e3o os tipos de aposentadoria dispon\u00edveis?","og_description":"A aposentadoria \u00e9 um momento importante na vida de qualquer pessoa, e entender as op\u00e7\u00f5es dispon\u00edveis pode fazer toda a diferen\u00e7a na hora de planejar um","og_url":"https:\/\/www.pensarcursos.com.br\/blog\/quais-sao-os-tipos-de-aposentadoria-disponiveis\/","og_site_name":"Blog Pensar Cursos","article_publisher":"https:\/\/www.facebook.com\/pensarcursos\/","article_published_time":"2025-05-18T19:19:17+00:00","og_image":[{"width":1200,"height":800,"url":"https:\/\/www.pensarcursos.com.br\/blog\/wp-content\/uploads\/2025\/05\/casal-sorrindo-planejando-o-futuro.webp","type":"image\/webp"}],"author":"Gabriela Machado","twitter_card":"summary_large_image","twitter_misc":{"Escrito por":"Gabriela Machado","Est. tempo de leitura":"4 minutos"},"schema":{"@context":"https:\/\/schema.org","@graph":[{"@type":["Article","BlogPosting"],"@id":"https:\/\/www.pensarcursos.com.br\/blog\/quais-sao-os-tipos-de-aposentadoria-disponiveis\/#article","isPartOf":{"@id":"https:\/\/www.pensarcursos.com.br\/blog\/quais-sao-os-tipos-de-aposentadoria-disponiveis\/"},"author":{"name":"Gabriela Machado","@id":"https:\/\/www.pensarcursos.com.br\/blog\/#\/schema\/person\/134389a33d69ddd7e127fac02bd155fa"},"headline":"Quais s\u00e3o os tipos de aposentadoria dispon\u00edveis?","datePublished":"2025-05-18T19:19:17+00:00","mainEntityOfPage":{"@id":"https:\/\/www.pensarcursos.com.br\/blog\/quais-sao-os-tipos-de-aposentadoria-disponiveis\/"},"wordCount":789,"commentCount":0,"publisher":{"@id":"https:\/\/www.pensarcursos.com.br\/blog\/#organization"},"image":{"@id":"https:\/\/www.pensarcursos.com.br\/blog\/quais-sao-os-tipos-de-aposentadoria-disponiveis\/#primaryimage"},"thumbnailUrl":"https:\/\/www.pensarcursos.com.br\/blog\/wp-content\/uploads\/2025\/05\/casal-sorrindo-planejando-o-futuro.webp","keywords":["aposentadoria para pessoas com defici\u00eancia","Aposentadoria por Idade","aposentadoria por incapacidade","aposentadoria por tempo de contribui\u00e7\u00e3o","aposentadoria rural","aposentadorias","tipos de aposentadorias"],"articleSection":["Direitos do Trabalhador"],"inLanguage":"pt-BR","potentialAction":[{"@type":"CommentAction","name":"Comment","target":["https:\/\/www.pensarcursos.com.br\/blog\/quais-sao-os-tipos-de-aposentadoria-disponiveis\/#respond"]}],"copyrightYear":"2025","copyrightHolder":{"@id":"https:\/\/www.pensarcursos.com.br\/blog\/#organization"}},{"@type":"WebPage","@id":"https:\/\/www.pensarcursos.com.br\/blog\/quais-sao-os-tipos-de-aposentadoria-disponiveis\/","url":"https:\/\/www.pensarcursos.com.br\/blog\/quais-sao-os-tipos-de-aposentadoria-disponiveis\/","name":"Quais s\u00e3o os tipos de aposentadoria dispon\u00edveis? - Blog Pensar Cursos","isPartOf":{"@id":"https:\/\/www.pensarcursos.com.br\/blog\/#website"},"primaryImageOfPage":{"@id":"https:\/\/www.pensarcursos.com.br\/blog\/quais-sao-os-tipos-de-aposentadoria-disponiveis\/#primaryimage"},"image":{"@id":"https:\/\/www.pensarcursos.com.br\/blog\/quais-sao-os-tipos-de-aposentadoria-disponiveis\/#primaryimage"},"thumbnailUrl":"https:\/\/www.pensarcursos.com.br\/blog\/wp-content\/uploads\/2025\/05\/casal-sorrindo-planejando-o-futuro.webp","datePublished":"2025-05-18T19:19:17+00:00","description":"A aposentadoria \u00e9 um momento importante na vida de qualquer pessoa, e entender as op\u00e7\u00f5es dispon\u00edveis pode fazer toda a diferen\u00e7a na hora de planejar um","breadcrumb":{"@id":"https:\/\/www.pensarcursos.com.br\/blog\/quais-sao-os-tipos-de-aposentadoria-disponiveis\/#breadcrumb"},"inLanguage":"pt-BR","potentialAction":[{"@type":"ReadAction","target":["https:\/\/www.pensarcursos.com.br\/blog\/quais-sao-os-tipos-de-aposentadoria-disponiveis\/"]}]},{"@type":"ImageObject","inLanguage":"pt-BR","@id":"https:\/\/www.pensarcursos.com.br\/blog\/quais-sao-os-tipos-de-aposentadoria-disponiveis\/#primaryimage","url":"https:\/\/www.pensarcursos.com.br\/blog\/wp-content\/uploads\/2025\/05\/casal-sorrindo-planejando-o-futuro.webp","contentUrl":"https:\/\/www.pensarcursos.com.br\/blog\/wp-content\/uploads\/2025\/05\/casal-sorrindo-planejando-o-futuro.webp","width":1200,"height":800,"caption":"Conhe\u00e7a os tipos de aposentadoria e prepare seu bolso para garantir estabilidade l\u00e1 na frente. Imagem: Canva"},{"@type":"BreadcrumbList","@id":"https:\/\/www.pensarcursos.com.br\/blog\/quais-sao-os-tipos-de-aposentadoria-disponiveis\/#breadcrumb","itemListElement":[{"@type":"ListItem","position":1,"name":"Home","item":"https:\/\/www.pensarcursos.com.br\/blog\/"},{"@type":"ListItem","position":2,"name":"Quais s\u00e3o os tipos de aposentadoria dispon\u00edveis?"}]},{"@type":"WebSite","@id":"https:\/\/www.pensarcursos.com.br\/blog\/#website","url":"https:\/\/www.pensarcursos.com.br\/blog\/","name":"Blog Pensar Cursos","description":"Maior Site de Cursos do Brasil","publisher":{"@id":"https:\/\/www.pensarcursos.com.br\/blog\/#organization"},"alternateName":"Blog Pensar","potentialAction":[{"@type":"SearchAction","target":{"@type":"EntryPoint","urlTemplate":"https:\/\/www.pensarcursos.com.br\/blog\/?s={search_term_string}"},"query-input":{"@type":"PropertyValueSpecification","valueRequired":true,"valueName":"search_term_string"}}],"inLanguage":"pt-BR"},{"@type":"Organization","@id":"https:\/\/www.pensarcursos.com.br\/blog\/#organization","name":"Pensar Cursos","alternateName":"Blog pensar","url":"https:\/\/www.pensarcursos.com.br\/blog\/","logo":{"@type":"ImageObject","inLanguage":"pt-BR","@id":"https:\/\/www.pensarcursos.com.br\/blog\/#\/schema\/logo\/image\/","url":"https:\/\/www.pensarcursos.com.br\/blog\/wp-content\/uploads\/2023\/11\/Nova-Logo-Pensar-Cursos-vertical.png","contentUrl":"https:\/\/www.pensarcursos.com.br\/blog\/wp-content\/uploads\/2023\/11\/Nova-Logo-Pensar-Cursos-vertical.png","width":1393,"height":1001,"caption":"Pensar Cursos"},"image":{"@id":"https:\/\/www.pensarcursos.com.br\/blog\/#\/schema\/logo\/image\/"},"sameAs":["https:\/\/www.facebook.com\/pensarcursos\/","https:\/\/instagram.com.br\/pensarcursos"],"description":"Pensar Cursos \u00e9 uma empresa especializada em oferecer cursos de alta qualidade voltados para o desenvolvimento profissional e acad\u00eamico. Com uma ampla gama de op\u00e7\u00f5es de treinamento, oferecemos conte\u00fados atualizados, ministrados por especialistas da \u00e1rea, para capacitar indiv\u00edduos e equipes a atingirem seus objetivos. Nossa miss\u00e3o \u00e9 proporcionar uma educa\u00e7\u00e3o transformadora, acess\u00edvel e personalizada para cada aluno, seja em cursos presenciais ou online. Com uma abordagem inovadora, buscamos adaptar os nossos programas de ensino \u00e0s necessidades do mercado, criando solu\u00e7\u00f5es que atendem aos desafios e exig\u00eancias do mundo corporativo e acad\u00eamico. Nossos cursos incluem desde forma\u00e7\u00f5es t\u00e9cnicas at\u00e9 habilidades essenciais, como lideran\u00e7a, gest\u00e3o e desenvolvimento pessoal.","email":"contato@pensarcursos.com.br","legalName":"Sena Servi\u00e7os de Informa\u00e7\u00e3o Online LTDA","foundingDate":"2013-04-18","vatID":"17956217000172","numberOfEmployees":{"@type":"QuantitativeValue","minValue":"11","maxValue":"50"},"publishingPrinciples":"https:\/\/www.pensarcursos.com.br\/blog\/principios-de-publicacao\/","ownershipFundingInfo":"https:\/\/www.pensarcursos.com.br\/blog\/informacoes-de-propriedade-financiamento\/","actionableFeedbackPolicy":"https:\/\/www.pensarcursos.com.br\/blog\/politica-de-feedback-acionavel\/","correctionsPolicy":"https:\/\/www.pensarcursos.com.br\/blog\/politica-de-correcoes\/","ethicsPolicy":"https:\/\/www.pensarcursos.com.br\/blog\/politica-de-etica\/"},{"@type":"Person","@id":"https:\/\/www.pensarcursos.com.br\/blog\/#\/schema\/person\/134389a33d69ddd7e127fac02bd155fa","name":"Gabriela Machado","image":{"@type":"ImageObject","inLanguage":"pt-BR","@id":"https:\/\/secure.gravatar.com\/avatar\/3c883c65f44a41cb00078efa0c1943783eabec9e96518b4565b28a6f9d027f9b?s=96&d=mm&r=g","url":"https:\/\/secure.gravatar.com\/avatar\/3c883c65f44a41cb00078efa0c1943783eabec9e96518b4565b28a6f9d027f9b?s=96&d=mm&r=g","contentUrl":"https:\/\/secure.gravatar.com\/avatar\/3c883c65f44a41cb00078efa0c1943783eabec9e96518b4565b28a6f9d027f9b?s=96&d=mm&r=g","caption":"Gabriela Machado"},"description":"Graduada em Pedagogia pela UESC(Universidade Estadual de Santa Cruz). Redatora do grupo Sena Online.","sameAs":["https:\/\/www.instagram.com\/gabrielamchs"],"url":"https:\/\/www.pensarcursos.com.br\/blog\/author\/gabriela\/"}]}},"_links":{"self":[{"href":"https:\/\/www.pensarcursos.com.br\/blog\/wp-json\/wp\/v2\/posts\/107794","targetHints":{"allow":["GET"]}}],"collection":[{"href":"https:\/\/www.pensarcursos.com.br\/blog\/wp-json\/wp\/v2\/posts"}],"about":[{"href":"https:\/\/www.pensarcursos.com.br\/blog\/wp-json\/wp\/v2\/types\/post"}],"author":[{"embeddable":true,"href":"https:\/\/www.pensarcursos.com.br\/blog\/wp-json\/wp\/v2\/users\/49"}],"replies":[{"embeddable":true,"href":"https:\/\/www.pensarcursos.com.br\/blog\/wp-json\/wp\/v2\/comments?post=107794"}],"version-history":[{"count":0,"href":"https:\/\/www.pensarcursos.com.br\/blog\/wp-json\/wp\/v2\/posts\/107794\/revisions"}],"wp:featuredmedia":[{"embeddable":true,"href":"https:\/\/www.pensarcursos.com.br\/blog\/wp-json\/wp\/v2\/media\/107800"}],"wp:attachment":[{"href":"https:\/\/www.pensarcursos.com.br\/blog\/wp-json\/wp\/v2\/media?parent=107794"}],"wp:term":[{"taxonomy":"category","embeddable":true,"href":"https:\/\/www.pensarcursos.com.br\/blog\/wp-json\/wp\/v2\/categories?post=107794"},{"taxonomy":"post_tag","embeddable":true,"href":"https:\/\/www.pensarcursos.com.br\/blog\/wp-json\/wp\/v2\/tags?post=107794"}],"curies":[{"name":"wp","href":"https:\/\/api.w.org\/{rel}","templated":true}]}}