{"id":107401,"date":"2025-05-14T22:59:42","date_gmt":"2025-05-15T01:59:42","guid":{"rendered":"https:\/\/www.pensarcursos.com.br\/blog\/?p=107401"},"modified":"2025-05-14T19:34:32","modified_gmt":"2025-05-14T22:34:32","slug":"empregos-2025-quais-sao-as-tendencias-atuais-em-recrutamento-e-como-posso-me-preparar-para-elas","status":"publish","type":"post","link":"https:\/\/www.pensarcursos.com.br\/blog\/empregos-2025-quais-sao-as-tendencias-atuais-em-recrutamento-e-como-posso-me-preparar-para-elas\/","title":{"rendered":"Empregos 2025: Quais s\u00e3o as tend\u00eancias atuais em recrutamento e como posso me preparar para elas?"},"content":{"rendered":"<p>O <a href=\"https:\/\/www.pensarcursos.com.br\/blog\/7-cursos-tecnicos-para-se-destacar-no-mercado-de-trabalho-em-2025\/\" target=\"_blank\" rel=\"noopener\">mercado de trabalho<\/a> est\u00e1 evoluindo rapidamente, e as <strong>tend\u00eancias de recrutamento para 2025<\/strong> trazem mudan\u00e7as que podem impactar diretamente como as empresas buscam talentos e como voc\u00ea pode se preparar para novas oportunidades. Se antes os processos seletivos eram mais tradicionais, hoje a tecnologia, a flexibilidade e a valoriza\u00e7\u00e3o de compet\u00eancias est\u00e3o moldando um novo cen\u00e1rio.<\/p>\n<h2><strong>Como a Intelig\u00eancia Artificial est\u00e1 revolucionando os processos de recrutamento<\/strong><\/h2>\n<p>A tecnologia tem transformado diversas \u00e1reas, e o recrutamento n\u00e3o fica de fora. A <strong>Intelig\u00eancia Artificial (IA)<\/strong> est\u00e1 revolucionando os processos seletivos, tornando a triagem de candidatos mais eficiente.<\/p>\n<p>Empresas j\u00e1 utilizam IA para analisar <a href=\"https:\/\/temconcursos.com.br\/este-e-o-melhor-jeito-de-deixar-o-seu-curriculo-incrivel-em-2025\/\" target=\"_blank\" rel=\"noopener\">curr\u00edculos<\/a>, prever desempenho de futuros colaboradores e at\u00e9 realizarem entrevistas automatizadas. Isso significa que, para ser notado pelos recrutadores, ter um curr\u00edculo otimizado e alinhado \u00e0s exig\u00eancias digitais pode fazer toda a diferen\u00e7a.<\/p>\n<p>Al\u00e9m disso, a automa\u00e7\u00e3o est\u00e1 agilizando recrutamentos, permitindo que tarefas repetitivas sejam realizadas por softwares, enquanto os recrutadores focam na avalia\u00e7\u00e3o estrat\u00e9gica dos candidatos.<\/p>\n<p>A pergunta \u00e9: <strong>voc\u00ea est\u00e1 preparado para lidar com essas mudan\u00e7as e se destacar nesse novo cen\u00e1rio?<\/strong><\/p>\n<h2><strong>Compet\u00eancias que ganham prioridade<\/strong><\/h2>\n<p>Os crit\u00e9rios de contrata\u00e7\u00e3o est\u00e3o mudando. Diplomas e experi\u00eancias anteriores ainda s\u00e3o considerados, mas o foco est\u00e1 cada vez mais em habilidades pr\u00e1ticas e compet\u00eancias socioemocionais.<\/p>\n<p>\ud83d\udd39 <strong>Dom\u00ednio tecnol\u00f3gico<\/strong> \u2013 Saber utilizar ferramentas digitais, interpretar dados e se adaptar a novas tecnologias s\u00e3o habilidades essenciais.<\/p>\n<p>\ud83d\udd39 <strong>Intelig\u00eancia emocional<\/strong> \u2013 Capacidade de lidar com desafios, trabalhar em equipe e se adaptar a mudan\u00e7as se torna um grande diferencial.<\/p>\n<p>\ud83d\udd39 <strong>Comunica\u00e7\u00e3o clara e objetiva<\/strong> \u2013 No contexto remoto e h\u00edbrido, expressar ideias com precis\u00e3o se tornaram indispens\u00e1veis.<\/p>\n<p>Empresas est\u00e3o buscando <strong>profissionais que aprendem continuamente<\/strong> e se ajustam \u00e0s novas demandas do setor. Se voc\u00ea quer se destacar, investir nessas compet\u00eancias pode abrir muitas portas.<\/p>\n<h2><strong>O novo modelo de trabalho: flexibilidade e produtividade<\/strong><\/h2>\n<p>O <a href=\"https:\/\/www.pensarcursos.com.br\/blog\/quais-sao-as-melhores-plataformas-para-encontrar-oportunidades-de-emprego-remoto\/\" target=\"_blank\" rel=\"noopener\">trabalho remoto<\/a> e h\u00edbrido est\u00e3o consolidados, e as empresas reconhecem que <strong>a flexibilidade aumenta a produtividade e a satisfa\u00e7\u00e3o dos colaboradores<\/strong>.<\/p>\n<p>\u2714 <strong>Hor\u00e1rios mais flex\u00edveis<\/strong> \u2013 Muitas empresas passaram a permitir jornadas adapt\u00e1veis, priorizando o equil\u00edbrio entre vida pessoal e profissional.<\/p>\n<p>\u2714 <strong>Ferramentas digitais como aliados<\/strong> \u2013 Dominar plataformas como Zoom, Slack e Microsoft Teams tornou-se essencial para o dia a dia no trabalho remoto.<\/p>\n<p>Se antes trabalhar de casa era visto como uma exce\u00e7\u00e3o, hoje, \u00e9 uma <strong>tend\u00eancia consolidada<\/strong> que impacta diretamente a forma como voc\u00ea pode conquistar novas oportunidades no mercado.<\/p>\n<h2><strong>Recrutamento baseado em compet\u00eancias: o que realmente importa?<\/strong><\/h2>\n<figure id=\"attachment_107406\" aria-describedby=\"caption-attachment-107406\" style=\"width: 1200px\" class=\"wp-caption aligncenter\"><img decoding=\"async\" class=\"size-full wp-image-107406\" title=\"Negocia\u00e7\u00e3o Empresarial com Aperto de M\u00e3os\" src=\"https:\/\/www.pensarcursos.com.br\/blog\/wp-content\/uploads\/2025\/05\/profissionais-fechando-um-acordo.webp\" alt=\"Aperto de m\u00e3os formal entre duas pessoas em ambiente de neg\u00f3cios.\" width=\"1200\" height=\"800\" srcset=\"https:\/\/www.pensarcursos.com.br\/blog\/wp-content\/uploads\/2025\/05\/profissionais-fechando-um-acordo.webp 1200w, https:\/\/www.pensarcursos.com.br\/blog\/wp-content\/uploads\/2025\/05\/profissionais-fechando-um-acordo-300x200.webp 300w, https:\/\/www.pensarcursos.com.br\/blog\/wp-content\/uploads\/2025\/05\/profissionais-fechando-um-acordo-1024x683.webp 1024w, https:\/\/www.pensarcursos.com.br\/blog\/wp-content\/uploads\/2025\/05\/profissionais-fechando-um-acordo-768x512.webp 768w\" sizes=\"(max-width: 1200px) 100vw, 1200px\" \/><figcaption id=\"caption-attachment-107406\" class=\"wp-caption-text\">As empresas est\u00e3o adotando tecnologias avan\u00e7adas para otimizar seus processos de recrutamento.<br \/>Imagem: Canva<\/figcaption><\/figure>\n<p>O recrutamento n\u00e3o est\u00e1 apenas focado em experi\u00eancia pr\u00e9via, mas principalmente no que voc\u00ea sabe fazer. Segundo estudos, 61% dos recrutadores est\u00e3o priorizando habilidades e conhecimento t\u00e9cnico em vez de diplomas formais.<\/p>\n<p>Al\u00e9m disso, profissionais que buscam aprendizado cont\u00ednuo e capacita\u00e7\u00e3o constante s\u00e3o mais valorizados. Isso significa que cursos e certifica\u00e7\u00f5es podem impulsionar sua carreira muito mais do que apenas anos de experi\u00eancia no curr\u00edculo.<\/p>\n<p>Com essa mudan\u00e7a de perspectiva, o mercado se torna mais inclusivo, dando espa\u00e7o para talentos que realmente t\u00eam o conhecimento necess\u00e1rio para desempenhar fun\u00e7\u00f5es com excel\u00eancia.<\/p>\n<h2><strong>Fit cultural: o impacto da compatibilidade com a empresa<\/strong><\/h2>\n<p>Hoje, mais do que habilidades t\u00e9cnicas, as empresas priorizam o <strong>fit cultural<\/strong> \u2013 a compatibilidade do candidato com os valores e objetivos da empresa.<\/p>\n<p>\u2714 <strong>Motiva\u00e7\u00e3o e prop\u00f3sito<\/strong> \u2013 Profissionais que se identificam com a empresa tendem a ter maior engajamento e produtividade.<\/p>\n<p>\u2714 <strong>Baixa rotatividade<\/strong> \u2013 Contratar algu\u00e9m alinhado com a cultura corporativa reduz os \u00edndices de demiss\u00f5es e melhora o ambiente de trabalho.<\/p>\n<p>Empresas que priorizam esse alinhamento criam times mais coesos e motivados, o que reflete na qualidade dos projetos e na reten\u00e7\u00e3o dos talentos.<\/p>\n<h2><strong>Novas exig\u00eancias da gera\u00e7\u00e3o Z no trabalho<\/strong><\/h2>\n<p>Se em 2025 a gera\u00e7\u00e3o Z dominar\u00e1 grande parte do mercado, \u00e9 importante entender o que essa nova for\u00e7a de trabalho espera das empresas.<\/p>\n<ul>\n<li><strong>Impacto social e prop\u00f3sito<\/strong> \u2013 Jovens profissionais querem mais do que um emprego; buscam contribuir para causas maiores e trabalhar em empresas com valores s\u00f3lidos.<\/li>\n<li><strong>Diversidade e inclus\u00e3o<\/strong> \u2013 Empresas que investem em ambientes inclusivos t\u00eam maior facilidade para atrair talentos dessa gera\u00e7\u00e3o.<\/li>\n<li><strong>Aprendizado cont\u00ednuo <\/strong>\u2013 Para quem est\u00e1 come\u00e7ando no mercado, o desenvolvimento profissional \u00e9 uma prioridade essencial.<\/li>\n<\/ul>\n<p>Empresas que n\u00e3o se adaptarem a essas exig\u00eancias arriscam perder colaboradores talentosos e motivados.<\/p>\n<h2><strong>Como se destacar e se preparar para 2025?<\/strong><\/h2>\n<p>Com tantas mudan\u00e7as \u00e0 vista, algumas estrat\u00e9gias podem ajudar voc\u00ea a conquistar espa\u00e7o no mercado de trabalho:<\/p>\n<p>\u2714 <strong>Acompanhe as tend\u00eancias do setor<\/strong> \u2013 Estar por dentro das novidades mostra que voc\u00ea \u00e9 um profissional atualizado e interessado no crescimento da \u00e1rea.<\/p>\n<p>\u2714 <strong>Invista em habilidades valorizadas<\/strong> \u2013 Certifica\u00e7\u00f5es, cursos online e aprendizado pr\u00e1tico fazem toda a diferen\u00e7a na competi\u00e7\u00e3o por vagas.<\/p>\n<p>\u2714 <strong>Mantenha um perfil profissional atrativo<\/strong> \u2013 LinkedIn e redes sociais s\u00e3o ferramentas poderosas para se conectar com recrutadores e destacar suas compet\u00eancias.<\/p>\n<h2><strong>O futuro do trabalho j\u00e1 chegou<\/strong><\/h2>\n<p>A transforma\u00e7\u00e3o do mercado n\u00e3o \u00e9 algo distante \u2014 ela j\u00e1 est\u00e1 acontecendo. Estar preparado para essas mudan\u00e7as pode ser o diferencial entre <strong>conquistar as melhores oportunidades<\/strong> ou ficar para tr\u00e1s.<\/p>\n<p>A pergunta que fica \u00e9: <strong>voc\u00ea est\u00e1 pronto para aproveitar essas tend\u00eancias e impulsionar sua <a href=\"https:\/\/www.pensarcursos.com.br\/blog\/as-carreiras-tech\/\" target=\"_blank\" rel=\"noopener\">carreira<\/a>?<\/strong> Pensar estrategicamente no desenvolvimento profissional \u00e9 essencial para alcan\u00e7ar sucesso nesse novo cen\u00e1rio.<\/p>\n","protected":false},"excerpt":{"rendered":"<p>O mercado de trabalho est\u00e1 evoluindo rapidamente, e as tend\u00eancias de recrutamento para 2025 trazem mudan\u00e7as que podem impactar diretamente como as empresas buscam talentos e como voc\u00ea pode se preparar para novas oportunidades. Se antes os processos seletivos eram mais tradicionais, hoje a tecnologia, a flexibilidade e a valoriza\u00e7\u00e3o de compet\u00eancias est\u00e3o moldando um [&hellip;]<\/p>\n","protected":false},"author":49,"featured_media":107405,"comment_status":"open","ping_status":"closed","sticky":false,"template":"","format":"standard","meta":{"jnews-multi-image_gallery":[],"jnews_single_post":[],"jnews_primary_category":[],"jnews_social_meta":[],"jnews_override_counter":[],"footnotes":""},"categories":[26],"tags":[28776,18552,28775,616,28774,15722],"class_list":["post-107401","post","type-post","status-publish","format-standard","has-post-thumbnail","hentry","category-empregos","tag-diversidade-e-inclusao","tag-empregos-2025","tag-habilidades-do-futuro","tag-networking","tag-recrutamento","tag-trabalho-remoto"],"yoast_head":"<!-- This site is optimized with the Yoast SEO Premium plugin v27.5 (Yoast SEO v27.5) - https:\/\/yoast.com\/product\/yoast-seo-premium-wordpress\/ -->\n<title>Empregos 2025: Quais s\u00e3o as tend\u00eancias atuais em recrutamento e como posso me preparar para elas? - Blog Pensar Cursos<\/title>\n<meta name=\"description\" content=\"O mercado de trabalho est\u00e1 evoluindo rapidamente, e as tend\u00eancias de recrutamento para 2025 trazem mudan\u00e7as que podem impactar diretamente como as\" \/>\n<meta name=\"robots\" content=\"index, follow, max-snippet:-1, max-image-preview:large, max-video-preview:-1\" \/>\n<link rel=\"canonical\" href=\"https:\/\/www.pensarcursos.com.br\/blog\/empregos-2025-quais-sao-as-tendencias-atuais-em-recrutamento-e-como-posso-me-preparar-para-elas\/\" \/>\n<meta property=\"og:locale\" content=\"pt_BR\" \/>\n<meta property=\"og:type\" content=\"article\" \/>\n<meta property=\"og:title\" content=\"Empregos 2025: Quais s\u00e3o as tend\u00eancias atuais em recrutamento e como posso me preparar para elas?\" \/>\n<meta property=\"og:description\" content=\"O mercado de trabalho est\u00e1 evoluindo rapidamente, e as tend\u00eancias de recrutamento para 2025 trazem mudan\u00e7as que podem impactar diretamente como as\" \/>\n<meta property=\"og:url\" content=\"https:\/\/www.pensarcursos.com.br\/blog\/empregos-2025-quais-sao-as-tendencias-atuais-em-recrutamento-e-como-posso-me-preparar-para-elas\/\" \/>\n<meta property=\"og:site_name\" content=\"Blog Pensar Cursos\" \/>\n<meta property=\"article:publisher\" content=\"https:\/\/www.facebook.com\/pensarcursos\/\" \/>\n<meta property=\"article:published_time\" content=\"2025-05-15T01:59:42+00:00\" \/>\n<meta property=\"og:image\" content=\"https:\/\/www.pensarcursos.com.br\/blog\/wp-content\/uploads\/2025\/05\/conceito-de-recrutamento-e-selecao-de-talentos.webp\" \/>\n\t<meta property=\"og:image:width\" content=\"1200\" \/>\n\t<meta property=\"og:image:height\" content=\"800\" \/>\n\t<meta property=\"og:image:type\" content=\"image\/webp\" \/>\n<meta name=\"author\" content=\"Gabriela Machado\" \/>\n<meta name=\"twitter:card\" content=\"summary_large_image\" \/>\n<meta name=\"twitter:label1\" content=\"Escrito por\" \/>\n\t<meta name=\"twitter:data1\" content=\"Gabriela Machado\" \/>\n\t<meta name=\"twitter:label2\" content=\"Est. tempo de leitura\" \/>\n\t<meta name=\"twitter:data2\" content=\"5 minutos\" \/>\n<!-- \/ Yoast SEO Premium plugin. -->","yoast_head_json":{"title":"Empregos 2025: Quais s\u00e3o as tend\u00eancias atuais em recrutamento e como posso me preparar para elas? - Blog Pensar Cursos","description":"O mercado de trabalho est\u00e1 evoluindo rapidamente, e as tend\u00eancias de recrutamento para 2025 trazem mudan\u00e7as que podem impactar diretamente como as","robots":{"index":"index","follow":"follow","max-snippet":"max-snippet:-1","max-image-preview":"max-image-preview:large","max-video-preview":"max-video-preview:-1"},"canonical":"https:\/\/www.pensarcursos.com.br\/blog\/empregos-2025-quais-sao-as-tendencias-atuais-em-recrutamento-e-como-posso-me-preparar-para-elas\/","og_locale":"pt_BR","og_type":"article","og_title":"Empregos 2025: Quais s\u00e3o as tend\u00eancias atuais em recrutamento e como posso me preparar para elas?","og_description":"O mercado de trabalho est\u00e1 evoluindo rapidamente, e as tend\u00eancias de recrutamento para 2025 trazem mudan\u00e7as que podem impactar diretamente como as","og_url":"https:\/\/www.pensarcursos.com.br\/blog\/empregos-2025-quais-sao-as-tendencias-atuais-em-recrutamento-e-como-posso-me-preparar-para-elas\/","og_site_name":"Blog Pensar Cursos","article_publisher":"https:\/\/www.facebook.com\/pensarcursos\/","article_published_time":"2025-05-15T01:59:42+00:00","og_image":[{"width":1200,"height":800,"url":"https:\/\/www.pensarcursos.com.br\/blog\/wp-content\/uploads\/2025\/05\/conceito-de-recrutamento-e-selecao-de-talentos.webp","type":"image\/webp"}],"author":"Gabriela Machado","twitter_card":"summary_large_image","twitter_misc":{"Escrito por":"Gabriela Machado","Est. tempo de leitura":"5 minutos"},"schema":{"@context":"https:\/\/schema.org","@graph":[{"@type":["Article","BlogPosting"],"@id":"https:\/\/www.pensarcursos.com.br\/blog\/empregos-2025-quais-sao-as-tendencias-atuais-em-recrutamento-e-como-posso-me-preparar-para-elas\/#article","isPartOf":{"@id":"https:\/\/www.pensarcursos.com.br\/blog\/empregos-2025-quais-sao-as-tendencias-atuais-em-recrutamento-e-como-posso-me-preparar-para-elas\/"},"author":{"name":"Gabriela Machado","@id":"https:\/\/www.pensarcursos.com.br\/blog\/#\/schema\/person\/134389a33d69ddd7e127fac02bd155fa"},"headline":"Empregos 2025: Quais s\u00e3o as tend\u00eancias atuais em recrutamento e como posso me preparar para elas?","datePublished":"2025-05-15T01:59:42+00:00","mainEntityOfPage":{"@id":"https:\/\/www.pensarcursos.com.br\/blog\/empregos-2025-quais-sao-as-tendencias-atuais-em-recrutamento-e-como-posso-me-preparar-para-elas\/"},"wordCount":957,"commentCount":0,"publisher":{"@id":"https:\/\/www.pensarcursos.com.br\/blog\/#organization"},"image":{"@id":"https:\/\/www.pensarcursos.com.br\/blog\/empregos-2025-quais-sao-as-tendencias-atuais-em-recrutamento-e-como-posso-me-preparar-para-elas\/#primaryimage"},"thumbnailUrl":"https:\/\/www.pensarcursos.com.br\/blog\/wp-content\/uploads\/2025\/05\/conceito-de-recrutamento-e-selecao-de-talentos.webp","keywords":["diversidade e inclus\u00e3o","empregos 2025","habilidades do futuro","Networking","recrutamento","trabalho remoto"],"articleSection":["Empregos"],"inLanguage":"pt-BR","potentialAction":[{"@type":"CommentAction","name":"Comment","target":["https:\/\/www.pensarcursos.com.br\/blog\/empregos-2025-quais-sao-as-tendencias-atuais-em-recrutamento-e-como-posso-me-preparar-para-elas\/#respond"]}],"copyrightYear":"2025","copyrightHolder":{"@id":"https:\/\/www.pensarcursos.com.br\/blog\/#organization"}},{"@type":"WebPage","@id":"https:\/\/www.pensarcursos.com.br\/blog\/empregos-2025-quais-sao-as-tendencias-atuais-em-recrutamento-e-como-posso-me-preparar-para-elas\/","url":"https:\/\/www.pensarcursos.com.br\/blog\/empregos-2025-quais-sao-as-tendencias-atuais-em-recrutamento-e-como-posso-me-preparar-para-elas\/","name":"Empregos 2025: Quais s\u00e3o as tend\u00eancias atuais em recrutamento e como posso me preparar para elas? - Blog Pensar Cursos","isPartOf":{"@id":"https:\/\/www.pensarcursos.com.br\/blog\/#website"},"primaryImageOfPage":{"@id":"https:\/\/www.pensarcursos.com.br\/blog\/empregos-2025-quais-sao-as-tendencias-atuais-em-recrutamento-e-como-posso-me-preparar-para-elas\/#primaryimage"},"image":{"@id":"https:\/\/www.pensarcursos.com.br\/blog\/empregos-2025-quais-sao-as-tendencias-atuais-em-recrutamento-e-como-posso-me-preparar-para-elas\/#primaryimage"},"thumbnailUrl":"https:\/\/www.pensarcursos.com.br\/blog\/wp-content\/uploads\/2025\/05\/conceito-de-recrutamento-e-selecao-de-talentos.webp","datePublished":"2025-05-15T01:59:42+00:00","description":"O mercado de trabalho est\u00e1 evoluindo rapidamente, e as tend\u00eancias de recrutamento para 2025 trazem mudan\u00e7as que podem impactar diretamente como as","breadcrumb":{"@id":"https:\/\/www.pensarcursos.com.br\/blog\/empregos-2025-quais-sao-as-tendencias-atuais-em-recrutamento-e-como-posso-me-preparar-para-elas\/#breadcrumb"},"inLanguage":"pt-BR","potentialAction":[{"@type":"ReadAction","target":["https:\/\/www.pensarcursos.com.br\/blog\/empregos-2025-quais-sao-as-tendencias-atuais-em-recrutamento-e-como-posso-me-preparar-para-elas\/"]}]},{"@type":"ImageObject","inLanguage":"pt-BR","@id":"https:\/\/www.pensarcursos.com.br\/blog\/empregos-2025-quais-sao-as-tendencias-atuais-em-recrutamento-e-como-posso-me-preparar-para-elas\/#primaryimage","url":"https:\/\/www.pensarcursos.com.br\/blog\/wp-content\/uploads\/2025\/05\/conceito-de-recrutamento-e-selecao-de-talentos.webp","contentUrl":"https:\/\/www.pensarcursos.com.br\/blog\/wp-content\/uploads\/2025\/05\/conceito-de-recrutamento-e-selecao-de-talentos.webp","width":1200,"height":800,"caption":"Confira as principais tend\u00eancias em recrutamento. Imagem: Canva"},{"@type":"BreadcrumbList","@id":"https:\/\/www.pensarcursos.com.br\/blog\/empregos-2025-quais-sao-as-tendencias-atuais-em-recrutamento-e-como-posso-me-preparar-para-elas\/#breadcrumb","itemListElement":[{"@type":"ListItem","position":1,"name":"Home","item":"https:\/\/www.pensarcursos.com.br\/blog\/"},{"@type":"ListItem","position":2,"name":"Empregos 2025: Quais s\u00e3o as tend\u00eancias atuais em recrutamento e como posso me preparar para elas?"}]},{"@type":"WebSite","@id":"https:\/\/www.pensarcursos.com.br\/blog\/#website","url":"https:\/\/www.pensarcursos.com.br\/blog\/","name":"Blog Pensar Cursos","description":"Maior Site de Cursos do Brasil","publisher":{"@id":"https:\/\/www.pensarcursos.com.br\/blog\/#organization"},"alternateName":"Blog Pensar","potentialAction":[{"@type":"SearchAction","target":{"@type":"EntryPoint","urlTemplate":"https:\/\/www.pensarcursos.com.br\/blog\/?s={search_term_string}"},"query-input":{"@type":"PropertyValueSpecification","valueRequired":true,"valueName":"search_term_string"}}],"inLanguage":"pt-BR"},{"@type":"Organization","@id":"https:\/\/www.pensarcursos.com.br\/blog\/#organization","name":"Pensar Cursos","alternateName":"Blog pensar","url":"https:\/\/www.pensarcursos.com.br\/blog\/","logo":{"@type":"ImageObject","inLanguage":"pt-BR","@id":"https:\/\/www.pensarcursos.com.br\/blog\/#\/schema\/logo\/image\/","url":"https:\/\/www.pensarcursos.com.br\/blog\/wp-content\/uploads\/2023\/11\/Nova-Logo-Pensar-Cursos-vertical.png","contentUrl":"https:\/\/www.pensarcursos.com.br\/blog\/wp-content\/uploads\/2023\/11\/Nova-Logo-Pensar-Cursos-vertical.png","width":1393,"height":1001,"caption":"Pensar Cursos"},"image":{"@id":"https:\/\/www.pensarcursos.com.br\/blog\/#\/schema\/logo\/image\/"},"sameAs":["https:\/\/www.facebook.com\/pensarcursos\/","https:\/\/instagram.com.br\/pensarcursos"],"description":"Pensar Cursos \u00e9 uma empresa especializada em oferecer cursos de alta qualidade voltados para o desenvolvimento profissional e acad\u00eamico. Com uma ampla gama de op\u00e7\u00f5es de treinamento, oferecemos conte\u00fados atualizados, ministrados por especialistas da \u00e1rea, para capacitar indiv\u00edduos e equipes a atingirem seus objetivos. Nossa miss\u00e3o \u00e9 proporcionar uma educa\u00e7\u00e3o transformadora, acess\u00edvel e personalizada para cada aluno, seja em cursos presenciais ou online. Com uma abordagem inovadora, buscamos adaptar os nossos programas de ensino \u00e0s necessidades do mercado, criando solu\u00e7\u00f5es que atendem aos desafios e exig\u00eancias do mundo corporativo e acad\u00eamico. Nossos cursos incluem desde forma\u00e7\u00f5es t\u00e9cnicas at\u00e9 habilidades essenciais, como lideran\u00e7a, gest\u00e3o e desenvolvimento pessoal.","email":"contato@pensarcursos.com.br","legalName":"Sena Servi\u00e7os de Informa\u00e7\u00e3o Online LTDA","foundingDate":"2013-04-18","vatID":"17956217000172","numberOfEmployees":{"@type":"QuantitativeValue","minValue":"11","maxValue":"50"},"publishingPrinciples":"https:\/\/www.pensarcursos.com.br\/blog\/principios-de-publicacao\/","ownershipFundingInfo":"https:\/\/www.pensarcursos.com.br\/blog\/informacoes-de-propriedade-financiamento\/","actionableFeedbackPolicy":"https:\/\/www.pensarcursos.com.br\/blog\/politica-de-feedback-acionavel\/","correctionsPolicy":"https:\/\/www.pensarcursos.com.br\/blog\/politica-de-correcoes\/","ethicsPolicy":"https:\/\/www.pensarcursos.com.br\/blog\/politica-de-etica\/"},{"@type":"Person","@id":"https:\/\/www.pensarcursos.com.br\/blog\/#\/schema\/person\/134389a33d69ddd7e127fac02bd155fa","name":"Gabriela Machado","image":{"@type":"ImageObject","inLanguage":"pt-BR","@id":"https:\/\/secure.gravatar.com\/avatar\/3c883c65f44a41cb00078efa0c1943783eabec9e96518b4565b28a6f9d027f9b?s=96&d=mm&r=g","url":"https:\/\/secure.gravatar.com\/avatar\/3c883c65f44a41cb00078efa0c1943783eabec9e96518b4565b28a6f9d027f9b?s=96&d=mm&r=g","contentUrl":"https:\/\/secure.gravatar.com\/avatar\/3c883c65f44a41cb00078efa0c1943783eabec9e96518b4565b28a6f9d027f9b?s=96&d=mm&r=g","caption":"Gabriela Machado"},"description":"Graduada em Pedagogia pela UESC(Universidade Estadual de Santa Cruz). Redatora do grupo Sena Online.","sameAs":["https:\/\/www.instagram.com\/gabrielamchs"],"url":"https:\/\/www.pensarcursos.com.br\/blog\/author\/gabriela\/"}]}},"_links":{"self":[{"href":"https:\/\/www.pensarcursos.com.br\/blog\/wp-json\/wp\/v2\/posts\/107401","targetHints":{"allow":["GET"]}}],"collection":[{"href":"https:\/\/www.pensarcursos.com.br\/blog\/wp-json\/wp\/v2\/posts"}],"about":[{"href":"https:\/\/www.pensarcursos.com.br\/blog\/wp-json\/wp\/v2\/types\/post"}],"author":[{"embeddable":true,"href":"https:\/\/www.pensarcursos.com.br\/blog\/wp-json\/wp\/v2\/users\/49"}],"replies":[{"embeddable":true,"href":"https:\/\/www.pensarcursos.com.br\/blog\/wp-json\/wp\/v2\/comments?post=107401"}],"version-history":[{"count":0,"href":"https:\/\/www.pensarcursos.com.br\/blog\/wp-json\/wp\/v2\/posts\/107401\/revisions"}],"wp:featuredmedia":[{"embeddable":true,"href":"https:\/\/www.pensarcursos.com.br\/blog\/wp-json\/wp\/v2\/media\/107405"}],"wp:attachment":[{"href":"https:\/\/www.pensarcursos.com.br\/blog\/wp-json\/wp\/v2\/media?parent=107401"}],"wp:term":[{"taxonomy":"category","embeddable":true,"href":"https:\/\/www.pensarcursos.com.br\/blog\/wp-json\/wp\/v2\/categories?post=107401"},{"taxonomy":"post_tag","embeddable":true,"href":"https:\/\/www.pensarcursos.com.br\/blog\/wp-json\/wp\/v2\/tags?post=107401"}],"curies":[{"name":"wp","href":"https:\/\/api.w.org\/{rel}","templated":true}]}}