{"id":106904,"date":"2025-05-09T18:03:04","date_gmt":"2025-05-09T21:03:04","guid":{"rendered":"https:\/\/www.pensarcursos.com.br\/blog\/?p=106904"},"modified":"2025-05-10T22:35:19","modified_gmt":"2025-05-11T01:35:19","slug":"desafio-visual-consegue-encontrar-o-prisioneiro-na-imagem","status":"publish","type":"post","link":"https:\/\/www.pensarcursos.com.br\/blog\/desafio-visual-consegue-encontrar-o-prisioneiro-na-imagem\/","title":{"rendered":"Desafio visual: consegue encontrar o prisioneiro na imagem?"},"content":{"rendered":"<p><span class=\"_fadeIn_pfttw_8\">O <\/span><span class=\"_fadeIn_pfttw_8\"><strong>desafio visual<\/strong> de hoje <\/span><span class=\"_fadeIn_pfttw_8\">\u00e9 <\/span><span class=\"_fadeIn_pfttw_8\">simples: <\/span><span class=\"_fadeIn_pfttw_8\">em <\/span><span class=\"_fadeIn_pfttw_8\">apenas <\/span><span class=\"_fadeIn_pfttw_8\">7 <\/span><span class=\"_fadeIn_pfttw_8\">segundos, <\/span><span class=\"_fadeIn_pfttw_8\">voc\u00ea <\/span><span class=\"_fadeIn_pfttw_8\">precisa <\/span><span class=\"_fadeIn_pfttw_8\">localizar <\/span><span class=\"_fadeIn_pfttw_8\">um <\/span><span class=\"_fadeIn_pfttw_8\">prisioneiro <\/span><span class=\"_fadeIn_pfttw_8\">escondido <\/span><span class=\"_fadeIn_pfttw_8\">dentro <\/span><span class=\"_fadeIn_pfttw_8\">de <\/span><span class=\"_fadeIn_pfttw_8\">uma <\/span><span class=\"_fadeIn_pfttw_8\">cela. <\/span><span class=\"_fadeIn_pfttw_8\">Pode <\/span><span class=\"_fadeIn_pfttw_8\">parecer <\/span><span class=\"_fadeIn_pfttw_8\">f\u00e1cil, <\/span><span class=\"_fadeIn_pfttw_8\">mas <\/span><span class=\"_fadeIn_pfttw_8\">este <\/span><span class=\"_fadeIn_pfttw_8\">teste <\/span><span class=\"_fadeIn_pfttw_8\">\u00e9 <\/span><span class=\"_fadeIn_pfttw_8\">mais <\/span><span class=\"_fadeIn_pfttw_8\">complicado <\/span><span class=\"_fadeIn_pfttw_8\">do <\/span><span class=\"_fadeIn_pfttw_8\">que <\/span><span class=\"_fadeIn_pfttw_8\">parece. <\/span><span class=\"_fadeIn_pfttw_8\">Vamos <\/span><span class=\"_fadeIn_pfttw_8\">ver <\/span><span class=\"_fadeIn_pfttw_8\">se <\/span><span class=\"_fadeIn_pfttw_8\">voc\u00ea <\/span><span class=\"_fadeIn_pfttw_8\">consegue!<\/span><\/p>\n<h2><strong>Encontre o prisioneiro escondido do detetive<\/strong><\/h2>\n<p>Na <strong><a href=\"https:\/\/www.pensarcursos.com.br\/blog\/desafio-visual-encontrar-a-letra-e\/\" target=\"_blank\" rel=\"noopener\">imagem<\/a><\/strong>, vemos um detetive em um ambiente antigo, com paredes rachadas e m\u00f3veis simples. Ele est\u00e1 de costas, observando uma janela pela qual um corvo est\u00e1 vis\u00edvel empoleirado em uma \u00e1rvore. No interior da sala, h\u00e1 uma mesa com um jarro e uma x\u00edcara sobre uma toalha vermelha. O detetive, aparentemente, est\u00e1 em busca de um prisioneiro.<\/p>\n<p>O desafio visual \u00e9: o prisioneiro est\u00e1 escondido na cena. Voc\u00ea consegue encontr\u00e1-lo? Preste aten\u00e7\u00e3o nos detalhes da sala e observe com cuidado, pois o prisioneiro pode estar disfar\u00e7ado entre os objetos da sala.<\/p>\n<p>Tente <strong><a href=\"https:\/\/www.pensarcursos.com.br\/blog\/desafio-visual-encontre-o-i-escondido-entre-os-js\/\" target=\"_blank\" rel=\"noopener\">localizar<\/a> <\/strong>o prisioneiro antes que o tempo acabe. Fique atento aos m\u00ednimos detalhes e boa sorte!<\/p>\n<figure id=\"attachment_106907\" aria-describedby=\"caption-attachment-106907\" style=\"width: 652px\" class=\"wp-caption aligncenter\"><img decoding=\"async\" class=\"size-full wp-image-106907\" title=\"desafio visual encontre o prisioneiro escondido do detetive\" src=\"https:\/\/www.pensarcursos.com.br\/blog\/wp-content\/uploads\/2025\/05\/desafio-visual-encontre-o-prisioneiro-escondido-do-detetive.webp\" alt=\"Desafio visual -Encontre o prisioneiro escondido do detetive. Fonte: Jagran Josh.\" width=\"652\" height=\"815\" srcset=\"https:\/\/www.pensarcursos.com.br\/blog\/wp-content\/uploads\/2025\/05\/desafio-visual-encontre-o-prisioneiro-escondido-do-detetive.webp 652w, https:\/\/www.pensarcursos.com.br\/blog\/wp-content\/uploads\/2025\/05\/desafio-visual-encontre-o-prisioneiro-escondido-do-detetive-240x300.webp 240w\" sizes=\"(max-width: 652px) 100vw, 652px\" \/><figcaption id=\"caption-attachment-106907\" class=\"wp-caption-text\">Desafio visual -Encontre o prisioneiro escondido do detetive. Fonte: Jagran Josh.<\/figcaption><\/figure>\n<h3><strong>Dicas para encontrar o prisioneiro escondido do detetive<\/strong><\/h3>\n<p data-start=\"0\" data-end=\"76\"><span class=\"_fadeIn_pfttw_8\">Aqui <\/span><span class=\"_fadeIn_pfttw_8\">v\u00e3o <\/span><span class=\"_fadeIn_pfttw_8\">algumas <\/span><span class=\"_fadeIn_pfttw_8\">dicas <\/span><span class=\"_fadeIn_pfttw_8\">para <\/span><span class=\"_fadeIn_pfttw_8\">ajudar <\/span><span class=\"_fadeIn_pfttw_8\">voc\u00ea <\/span><span class=\"_fadeIn_pfttw_8\">a <\/span><strong><span class=\"_fadeIn_pfttw_8\"><a href=\"https:\/\/www.pensarcursos.com.br\/blog\/desafio-visual-encontre-o-osso-do-cachorro-perdido\/\" target=\"_blank\" rel=\"noopener\">encontrar<\/a> <\/span><\/strong><span class=\"_fadeIn_pfttw_8\">o <\/span><span class=\"_fadeIn_pfttw_8\">prisioneiro <\/span><span class=\"_fadeIn_pfttw_8\">escondido:<\/span><\/p>\n<ol data-start=\"78\" data-end=\"1008\">\n<li data-start=\"78\" data-end=\"281\">\n<p data-start=\"81\" data-end=\"281\"><strong data-start=\"81\" data-end=\"114\"><span class=\"_fadeIn_pfttw_8\">Observe <\/span><span class=\"_fadeIn_pfttw_8\">os <\/span><span class=\"_fadeIn_pfttw_8\">reflexos <\/span><span class=\"_fadeIn_pfttw_8\">e <\/span><span class=\"_fadeIn_pfttw_8\">sombras<\/span><\/strong><span class=\"_fadeIn_pfttw_8\">: <\/span><span class=\"_fadeIn_pfttw_8\">Verifique <\/span><span class=\"_fadeIn_pfttw_8\">as <\/span><span class=\"_fadeIn_pfttw_8\">sombras <\/span><span class=\"_fadeIn_pfttw_8\">na <\/span><span class=\"_fadeIn_pfttw_8\">sala, <\/span><span class=\"_fadeIn_pfttw_8\">especialmente <\/span><span class=\"_fadeIn_pfttw_8\">ao <\/span><span class=\"_fadeIn_pfttw_8\">redor <\/span><span class=\"_fadeIn_pfttw_8\">dos <\/span><span class=\"_fadeIn_pfttw_8\">m\u00f3veis <\/span><span class=\"_fadeIn_pfttw_8\">e <\/span><span class=\"_fadeIn_pfttw_8\">perto <\/span><span class=\"_fadeIn_pfttw_8\">da <\/span><span class=\"_fadeIn_pfttw_8\">janela. <\/span><span class=\"_fadeIn_pfttw_8\">\u00c0s <\/span><span class=\"_fadeIn_pfttw_8\">vezes, <\/span><span class=\"_fadeIn_pfttw_8\">a <\/span><span class=\"_fadeIn_pfttw_8\">pessoa <\/span><span class=\"_fadeIn_pfttw_8\">pode <\/span><span class=\"_fadeIn_pfttw_8\">estar <\/span><span class=\"_fadeIn_pfttw_8\">escondida <\/span><span class=\"_fadeIn_pfttw_8\">atr\u00e1s <\/span><span class=\"_fadeIn_pfttw_8\">de <\/span><span class=\"_fadeIn_pfttw_8\">objetos <\/span><span class=\"_fadeIn_pfttw_8\">ou <\/span><span class=\"_fadeIn_pfttw_8\">em <\/span><span class=\"_fadeIn_pfttw_8\">um <\/span><span class=\"_fadeIn_pfttw_8\">canto <\/span><span class=\"_fadeIn_pfttw_8\">sombreado.<\/span><\/p>\n<\/li>\n<li data-start=\"283\" data-end=\"452\">\n<p data-start=\"286\" data-end=\"452\"><strong data-start=\"286\" data-end=\"326\"><span class=\"_fadeIn_pfttw_8\">Foque <\/span><span class=\"_fadeIn_pfttw_8\">no <\/span><span class=\"_fadeIn_pfttw_8\">ambiente <\/span><span class=\"_fadeIn_pfttw_8\">ao <\/span><span class=\"_fadeIn_pfttw_8\">redor <\/span><span class=\"_fadeIn_pfttw_8\">da <\/span><span class=\"_fadeIn_pfttw_8\">janela<\/span><\/strong><span class=\"_fadeIn_pfttw_8\">: <\/span><span class=\"_fadeIn_pfttw_8\">A <\/span><span class=\"_fadeIn_pfttw_8\">janela <\/span><span class=\"_fadeIn_pfttw_8\">\u00e9 <\/span><span class=\"_fadeIn_pfttw_8\">uma <\/span><span class=\"_fadeIn_pfttw_8\">\u00e1rea <\/span><span class=\"_fadeIn_pfttw_8\">importante. <\/span><span class=\"_fadeIn_pfttw_8\">Al\u00e9m <\/span><span class=\"_fadeIn_pfttw_8\">do <\/span><span class=\"_fadeIn_pfttw_8\">corvo, <\/span><span class=\"_fadeIn_pfttw_8\">a <\/span><span class=\"_fadeIn_pfttw_8\">aten\u00e7\u00e3o <\/span><span class=\"_fadeIn_pfttw_8\">aos <\/span><span class=\"_fadeIn_pfttw_8\">outros <\/span><span class=\"_fadeIn_pfttw_8\">elementos <\/span><span class=\"_fadeIn_pfttw_8\">vis\u00edveis <\/span><span class=\"_fadeIn_pfttw_8\">ao <\/span><span class=\"_fadeIn_pfttw_8\">redor <\/span><span class=\"_fadeIn_pfttw_8\">pode <\/span><span class=\"_fadeIn_pfttw_8\">revelar <\/span><span class=\"_fadeIn_pfttw_8\">algo <\/span><span class=\"_fadeIn_pfttw_8\">escondido.<\/span><\/p>\n<\/li>\n<li data-start=\"454\" data-end=\"634\">\n<p data-start=\"457\" data-end=\"634\"><strong data-start=\"457\" data-end=\"485\"><span class=\"_fadeIn_pfttw_8\">Examine <\/span><span class=\"_fadeIn_pfttw_8\">objetos <\/span><span class=\"_fadeIn_pfttw_8\">e <\/span><span class=\"_fadeIn_pfttw_8\">m\u00f3veis<\/span><\/strong><span class=\"_fadeIn_pfttw_8\">: <\/span><span class=\"_fadeIn_pfttw_8\">N\u00e3o <\/span><span class=\"_fadeIn_pfttw_8\">se <\/span><span class=\"_fadeIn_pfttw_8\">concentre <\/span><span class=\"_fadeIn_pfttw_8\">apenas <\/span><span class=\"_fadeIn_pfttw_8\">no <\/span><span class=\"_fadeIn_pfttw_8\">detetive. <\/span><span class=\"_fadeIn_pfttw_8\">Olhe <\/span><span class=\"_fadeIn_pfttw_8\">os <\/span><span class=\"_fadeIn_pfttw_8\">m\u00f3veis <\/span><span class=\"_fadeIn_pfttw_8\">e <\/span><span class=\"_fadeIn_pfttw_8\">os <\/span><span class=\"_fadeIn_pfttw_8\">objetos <\/span><span class=\"_fadeIn_pfttw_8\">na <\/span><span class=\"_fadeIn_pfttw_8\">mesa, <\/span><span class=\"_fadeIn_pfttw_8\">como <\/span><span class=\"_fadeIn_pfttw_8\">o <\/span><span class=\"_fadeIn_pfttw_8\">jarro <\/span><span class=\"_fadeIn_pfttw_8\">e <\/span><span class=\"_fadeIn_pfttw_8\">a <\/span><span class=\"_fadeIn_pfttw_8\">x\u00edcara, <\/span><span class=\"_fadeIn_pfttw_8\">para <\/span><span class=\"_fadeIn_pfttw_8\">ver <\/span><span class=\"_fadeIn_pfttw_8\">se <\/span><span class=\"_fadeIn_pfttw_8\">h\u00e1 <\/span><span class=\"_fadeIn_pfttw_8\">algo <\/span><span class=\"_fadeIn_pfttw_8\">fora <\/span><span class=\"_fadeIn_pfttw_8\">do <\/span><span class=\"_fadeIn_pfttw_8\">lugar <\/span><span class=\"_fadeIn_pfttw_8\">ou <\/span><span class=\"_fadeIn_pfttw_8\">disfar\u00e7ado.<\/span><\/p>\n<\/li>\n<li data-start=\"636\" data-end=\"834\">\n<p data-start=\"639\" data-end=\"834\"><strong data-start=\"639\" data-end=\"676\"><span class=\"_fadeIn_pfttw_8\">Verifique <\/span><span class=\"_fadeIn_pfttw_8\">as <\/span><span class=\"_fadeIn_pfttw_8\">paredes <\/span><span class=\"_fadeIn_pfttw_8\">e <\/span><span class=\"_fadeIn_pfttw_8\">rachaduras<\/span><\/strong><span class=\"_fadeIn_pfttw_8\">: <\/span><span class=\"_fadeIn_pfttw_8\">Detalhes <\/span><span class=\"_fadeIn_pfttw_8\">pequenos <\/span><span class=\"_fadeIn_pfttw_8\">podem <\/span><span class=\"_fadeIn_pfttw_8\">estar <\/span><span class=\"_fadeIn_pfttw_8\">escondidos <\/span><span class=\"_fadeIn_pfttw_8\">nas <\/span><span class=\"_fadeIn_pfttw_8\">rachaduras <\/span><span class=\"_fadeIn_pfttw_8\">ou <\/span><span class=\"_fadeIn_pfttw_8\">cantos <\/span><span class=\"_fadeIn_pfttw_8\">da <\/span><span class=\"_fadeIn_pfttw_8\">parede. <\/span><span class=\"_fadeIn_pfttw_8\">\u00c0s <\/span><span class=\"_fadeIn_pfttw_8\">vezes, <\/span><span class=\"_fadeIn_pfttw_8\">algo <\/span><span class=\"_fadeIn_pfttw_8\">disfar\u00e7ado <\/span><span class=\"_fadeIn_pfttw_8\">pode <\/span><span class=\"_fadeIn_pfttw_8\">estar <\/span><span class=\"_fadeIn_pfttw_8\">camuflado <\/span><span class=\"_fadeIn_pfttw_8\">entre <\/span><span class=\"_fadeIn_pfttw_8\">as <\/span><span class=\"_fadeIn_pfttw_8\">imperfei\u00e7\u00f5es <\/span><span class=\"_fadeIn_pfttw_8\">da <\/span><span class=\"_fadeIn_pfttw_8\">parede.<\/span><\/p>\n<\/li>\n<li data-start=\"836\" data-end=\"1008\">\n<p data-start=\"839\" data-end=\"1008\"><strong data-start=\"839\" data-end=\"874\"><span class=\"_fadeIn_pfttw_8\">Procure <\/span><span class=\"_fadeIn_pfttw_8\">por <\/span><span class=\"_fadeIn_pfttw_8\">disfarces <\/span><span class=\"_fadeIn_pfttw_8\">criativos<\/span><\/strong><span class=\"_fadeIn_pfttw_8\">: <\/span><span class=\"_fadeIn_pfttw_8\">O <\/span><span class=\"_fadeIn_pfttw_8\">prisioneiro <\/span><span class=\"_fadeIn_pfttw_8\">pode <\/span><span class=\"_fadeIn_pfttw_8\">estar <\/span><span class=\"_fadeIn_pfttw_8\">disfar\u00e7ado <\/span><span class=\"_fadeIn_pfttw_8\">como <\/span><span class=\"_fadeIn_pfttw_8\">parte <\/span><span class=\"_fadeIn_pfttw_8\">do <\/span><span class=\"_fadeIn_pfttw_8\">ambiente, <\/span><span class=\"_fadeIn_pfttw_8\">como <\/span><span class=\"_fadeIn_pfttw_8\">parte <\/span><span class=\"_fadeIn_pfttw_8\">do <\/span><span class=\"_fadeIn_pfttw_8\">mobili\u00e1rio <\/span><span class=\"_fadeIn_pfttw_8\">ou <\/span><span class=\"_fadeIn_pfttw_8\">at\u00e9 <\/span><span class=\"_fadeIn_pfttw_8\">mesmo <\/span><span class=\"_fadeIn_pfttw_8\">camuflado <\/span><span class=\"_fadeIn_pfttw_8\">com <\/span><span class=\"_fadeIn_pfttw_8\">os <\/span><span class=\"_fadeIn_pfttw_8\">objetos <\/span><span class=\"_fadeIn_pfttw_8\">ao <\/span><span class=\"_fadeIn_pfttw_8\">redor.<\/span><\/p>\n<\/li>\n<\/ol>\n<h2><strong>Resposta do desafio visual<\/strong><\/h2>\n<p>Ainda n\u00e3o encontrou o prisioneiro? Confira a resposta abaixo!<\/p>\n<figure id=\"attachment_106906\" aria-describedby=\"caption-attachment-106906\" style=\"width: 521px\" class=\"wp-caption aligncenter\"><img decoding=\"async\" class=\"size-full wp-image-106906\" title=\"resposta do desafio visual veja onde esta o prisioneiro\" src=\"https:\/\/www.pensarcursos.com.br\/blog\/wp-content\/uploads\/2025\/05\/resposta-do-desafio-visual-veja-onde-esta-o-prisioneiro.jpg\" alt=\"Resposta do desafio visual - Veja onde est\u00e1 o prisioneiro escondido do detetive. Fonte: Jagran Josh.\" width=\"521\" height=\"650\" srcset=\"https:\/\/www.pensarcursos.com.br\/blog\/wp-content\/uploads\/2025\/05\/resposta-do-desafio-visual-veja-onde-esta-o-prisioneiro.jpg 521w, https:\/\/www.pensarcursos.com.br\/blog\/wp-content\/uploads\/2025\/05\/resposta-do-desafio-visual-veja-onde-esta-o-prisioneiro-240x300.jpg 240w\" sizes=\"(max-width: 521px) 100vw, 521px\" \/><figcaption id=\"caption-attachment-106906\" class=\"wp-caption-text\">Resposta do desafio visual &#8211; Veja onde est\u00e1 o prisioneiro escondido do detetive. Fonte: Jagran Josh.<\/figcaption><\/figure>\n","protected":false},"excerpt":{"rendered":"<p>O desafio visual de hoje \u00e9 simples: em apenas 7 segundos, voc\u00ea precisa localizar um prisioneiro escondido dentro de uma cela. Pode parecer f\u00e1cil, mas este teste \u00e9 mais complicado do que parece. Vamos ver se voc\u00ea consegue! Encontre o prisioneiro escondido do detetive Na imagem, vemos um detetive em um ambiente antigo, com paredes [&hellip;]<\/p>\n","protected":false},"author":13,"featured_media":106905,"comment_status":"open","ping_status":"closed","sticky":false,"template":"","format":"standard","meta":{"jnews-multi-image_gallery":[],"jnews_single_post":[],"jnews_primary_category":[],"jnews_social_meta":[],"jnews_override_counter":[],"footnotes":""},"categories":[23322],"tags":[1685,1464,1978],"class_list":["post-106904","post","type-post","status-publish","format-standard","has-post-thumbnail","hentry","category-teste-de-qi","tag-desafio","tag-desafio-visual","tag-teste-visual"],"yoast_head":"<!-- This site is optimized with the Yoast SEO Premium plugin v27.5 (Yoast SEO v27.5) - https:\/\/yoast.com\/product\/yoast-seo-premium-wordpress\/ -->\n<title>Desafio visual: consegue encontrar o prisioneiro na imagem? - Blog Pensar Cursos<\/title>\n<meta name=\"description\" content=\"O desafio visual de hoje \u00e9 simples: em apenas 7 segundos, voc\u00ea precisa localizar um prisioneiro escondido dentro de uma cela. Pode parecer f\u00e1cil, mas este\" \/>\n<meta name=\"robots\" content=\"index, follow, max-snippet:-1, max-image-preview:large, max-video-preview:-1\" \/>\n<link rel=\"canonical\" href=\"https:\/\/www.pensarcursos.com.br\/blog\/desafio-visual-consegue-encontrar-o-prisioneiro-na-imagem\/\" \/>\n<meta property=\"og:locale\" content=\"pt_BR\" \/>\n<meta property=\"og:type\" content=\"article\" \/>\n<meta property=\"og:title\" content=\"Desafio visual: consegue encontrar o prisioneiro na imagem?\" \/>\n<meta property=\"og:description\" content=\"O desafio visual de hoje \u00e9 simples: em apenas 7 segundos, voc\u00ea precisa localizar um prisioneiro escondido dentro de uma cela. Pode parecer f\u00e1cil, mas este\" \/>\n<meta property=\"og:url\" content=\"https:\/\/www.pensarcursos.com.br\/blog\/desafio-visual-consegue-encontrar-o-prisioneiro-na-imagem\/\" \/>\n<meta property=\"og:site_name\" content=\"Blog Pensar Cursos\" \/>\n<meta property=\"article:publisher\" content=\"https:\/\/www.facebook.com\/pensarcursos\/\" \/>\n<meta property=\"article:author\" content=\"https:\/\/www.facebook.com\/julia.koerich.39\" \/>\n<meta property=\"article:published_time\" content=\"2025-05-09T21:03:04+00:00\" \/>\n<meta property=\"article:modified_time\" content=\"2025-05-11T01:35:19+00:00\" \/>\n<meta property=\"og:image\" content=\"https:\/\/www.pensarcursos.com.br\/blog\/wp-content\/uploads\/2025\/05\/desafio-visual-encontre-o-prisioneiro-escondido-do-detetive.png\" \/>\n\t<meta property=\"og:image:width\" content=\"1200\" \/>\n\t<meta property=\"og:image:height\" content=\"800\" \/>\n\t<meta property=\"og:image:type\" content=\"image\/png\" \/>\n<meta name=\"author\" content=\"Julia Koerich\" \/>\n<meta name=\"twitter:card\" content=\"summary_large_image\" \/>\n<meta name=\"twitter:label1\" content=\"Escrito por\" \/>\n\t<meta name=\"twitter:data1\" content=\"Julia Koerich\" \/>\n\t<meta name=\"twitter:label2\" content=\"Est. tempo de leitura\" \/>\n\t<meta name=\"twitter:data2\" content=\"2 minutos\" \/>\n<!-- \/ Yoast SEO Premium plugin. -->","yoast_head_json":{"title":"Desafio visual: consegue encontrar o prisioneiro na imagem? - Blog Pensar Cursos","description":"O desafio visual de hoje \u00e9 simples: em apenas 7 segundos, voc\u00ea precisa localizar um prisioneiro escondido dentro de uma cela. Pode parecer f\u00e1cil, mas este","robots":{"index":"index","follow":"follow","max-snippet":"max-snippet:-1","max-image-preview":"max-image-preview:large","max-video-preview":"max-video-preview:-1"},"canonical":"https:\/\/www.pensarcursos.com.br\/blog\/desafio-visual-consegue-encontrar-o-prisioneiro-na-imagem\/","og_locale":"pt_BR","og_type":"article","og_title":"Desafio visual: consegue encontrar o prisioneiro na imagem?","og_description":"O desafio visual de hoje \u00e9 simples: em apenas 7 segundos, voc\u00ea precisa localizar um prisioneiro escondido dentro de uma cela. Pode parecer f\u00e1cil, mas este","og_url":"https:\/\/www.pensarcursos.com.br\/blog\/desafio-visual-consegue-encontrar-o-prisioneiro-na-imagem\/","og_site_name":"Blog Pensar Cursos","article_publisher":"https:\/\/www.facebook.com\/pensarcursos\/","article_author":"https:\/\/www.facebook.com\/julia.koerich.39","article_published_time":"2025-05-09T21:03:04+00:00","article_modified_time":"2025-05-11T01:35:19+00:00","og_image":[{"width":1200,"height":800,"url":"https:\/\/www.pensarcursos.com.br\/blog\/wp-content\/uploads\/2025\/05\/desafio-visual-encontre-o-prisioneiro-escondido-do-detetive.png","type":"image\/png"}],"author":"Julia Koerich","twitter_card":"summary_large_image","twitter_misc":{"Escrito por":"Julia Koerich","Est. tempo de leitura":"2 minutos"},"schema":{"@context":"https:\/\/schema.org","@graph":[{"@type":["Article","BlogPosting"],"@id":"https:\/\/www.pensarcursos.com.br\/blog\/desafio-visual-consegue-encontrar-o-prisioneiro-na-imagem\/#article","isPartOf":{"@id":"https:\/\/www.pensarcursos.com.br\/blog\/desafio-visual-consegue-encontrar-o-prisioneiro-na-imagem\/"},"author":{"name":"Julia Koerich","@id":"https:\/\/www.pensarcursos.com.br\/blog\/#\/schema\/person\/488f02c6a8789bf91624f246e1087f54"},"headline":"Desafio visual: consegue encontrar o prisioneiro na imagem?","datePublished":"2025-05-09T21:03:04+00:00","dateModified":"2025-05-11T01:35:19+00:00","mainEntityOfPage":{"@id":"https:\/\/www.pensarcursos.com.br\/blog\/desafio-visual-consegue-encontrar-o-prisioneiro-na-imagem\/"},"wordCount":404,"commentCount":0,"publisher":{"@id":"https:\/\/www.pensarcursos.com.br\/blog\/#organization"},"image":{"@id":"https:\/\/www.pensarcursos.com.br\/blog\/desafio-visual-consegue-encontrar-o-prisioneiro-na-imagem\/#primaryimage"},"thumbnailUrl":"https:\/\/www.pensarcursos.com.br\/blog\/wp-content\/uploads\/2025\/05\/desafio-visual-encontre-o-prisioneiro-escondido-do-detetive.png","keywords":["Desafio","desafio visual","teste visual"],"articleSection":["Teste de QI"],"inLanguage":"pt-BR","potentialAction":[{"@type":"CommentAction","name":"Comment","target":["https:\/\/www.pensarcursos.com.br\/blog\/desafio-visual-consegue-encontrar-o-prisioneiro-na-imagem\/#respond"]}],"copyrightYear":"2025","copyrightHolder":{"@id":"https:\/\/www.pensarcursos.com.br\/blog\/#organization"}},{"@type":"WebPage","@id":"https:\/\/www.pensarcursos.com.br\/blog\/desafio-visual-consegue-encontrar-o-prisioneiro-na-imagem\/","url":"https:\/\/www.pensarcursos.com.br\/blog\/desafio-visual-consegue-encontrar-o-prisioneiro-na-imagem\/","name":"Desafio visual: consegue encontrar o prisioneiro na imagem? - Blog Pensar Cursos","isPartOf":{"@id":"https:\/\/www.pensarcursos.com.br\/blog\/#website"},"primaryImageOfPage":{"@id":"https:\/\/www.pensarcursos.com.br\/blog\/desafio-visual-consegue-encontrar-o-prisioneiro-na-imagem\/#primaryimage"},"image":{"@id":"https:\/\/www.pensarcursos.com.br\/blog\/desafio-visual-consegue-encontrar-o-prisioneiro-na-imagem\/#primaryimage"},"thumbnailUrl":"https:\/\/www.pensarcursos.com.br\/blog\/wp-content\/uploads\/2025\/05\/desafio-visual-encontre-o-prisioneiro-escondido-do-detetive.png","datePublished":"2025-05-09T21:03:04+00:00","dateModified":"2025-05-11T01:35:19+00:00","description":"O desafio visual de hoje \u00e9 simples: em apenas 7 segundos, voc\u00ea precisa localizar um prisioneiro escondido dentro de uma cela. Pode parecer f\u00e1cil, mas este","breadcrumb":{"@id":"https:\/\/www.pensarcursos.com.br\/blog\/desafio-visual-consegue-encontrar-o-prisioneiro-na-imagem\/#breadcrumb"},"inLanguage":"pt-BR","potentialAction":[{"@type":"ReadAction","target":["https:\/\/www.pensarcursos.com.br\/blog\/desafio-visual-consegue-encontrar-o-prisioneiro-na-imagem\/"]}]},{"@type":"ImageObject","inLanguage":"pt-BR","@id":"https:\/\/www.pensarcursos.com.br\/blog\/desafio-visual-consegue-encontrar-o-prisioneiro-na-imagem\/#primaryimage","url":"https:\/\/www.pensarcursos.com.br\/blog\/wp-content\/uploads\/2025\/05\/desafio-visual-encontre-o-prisioneiro-escondido-do-detetive.png","contentUrl":"https:\/\/www.pensarcursos.com.br\/blog\/wp-content\/uploads\/2025\/05\/desafio-visual-encontre-o-prisioneiro-escondido-do-detetive.png","width":1200,"height":800,"caption":"Desafio visual -Encontre o prisioneiro escondido do detetive. Fonte: Jagran Josh."},{"@type":"BreadcrumbList","@id":"https:\/\/www.pensarcursos.com.br\/blog\/desafio-visual-consegue-encontrar-o-prisioneiro-na-imagem\/#breadcrumb","itemListElement":[{"@type":"ListItem","position":1,"name":"Home","item":"https:\/\/www.pensarcursos.com.br\/blog\/"},{"@type":"ListItem","position":2,"name":"Desafio visual: consegue encontrar o prisioneiro na imagem?"}]},{"@type":"WebSite","@id":"https:\/\/www.pensarcursos.com.br\/blog\/#website","url":"https:\/\/www.pensarcursos.com.br\/blog\/","name":"Blog Pensar Cursos","description":"Maior Site de Cursos do Brasil","publisher":{"@id":"https:\/\/www.pensarcursos.com.br\/blog\/#organization"},"alternateName":"Blog Pensar","potentialAction":[{"@type":"SearchAction","target":{"@type":"EntryPoint","urlTemplate":"https:\/\/www.pensarcursos.com.br\/blog\/?s={search_term_string}"},"query-input":{"@type":"PropertyValueSpecification","valueRequired":true,"valueName":"search_term_string"}}],"inLanguage":"pt-BR"},{"@type":"Organization","@id":"https:\/\/www.pensarcursos.com.br\/blog\/#organization","name":"Pensar Cursos","alternateName":"Blog pensar","url":"https:\/\/www.pensarcursos.com.br\/blog\/","logo":{"@type":"ImageObject","inLanguage":"pt-BR","@id":"https:\/\/www.pensarcursos.com.br\/blog\/#\/schema\/logo\/image\/","url":"https:\/\/www.pensarcursos.com.br\/blog\/wp-content\/uploads\/2023\/11\/Nova-Logo-Pensar-Cursos-vertical.png","contentUrl":"https:\/\/www.pensarcursos.com.br\/blog\/wp-content\/uploads\/2023\/11\/Nova-Logo-Pensar-Cursos-vertical.png","width":1393,"height":1001,"caption":"Pensar Cursos"},"image":{"@id":"https:\/\/www.pensarcursos.com.br\/blog\/#\/schema\/logo\/image\/"},"sameAs":["https:\/\/www.facebook.com\/pensarcursos\/","https:\/\/instagram.com.br\/pensarcursos"],"description":"Pensar Cursos \u00e9 uma empresa especializada em oferecer cursos de alta qualidade voltados para o desenvolvimento profissional e acad\u00eamico. Com uma ampla gama de op\u00e7\u00f5es de treinamento, oferecemos conte\u00fados atualizados, ministrados por especialistas da \u00e1rea, para capacitar indiv\u00edduos e equipes a atingirem seus objetivos. Nossa miss\u00e3o \u00e9 proporcionar uma educa\u00e7\u00e3o transformadora, acess\u00edvel e personalizada para cada aluno, seja em cursos presenciais ou online. Com uma abordagem inovadora, buscamos adaptar os nossos programas de ensino \u00e0s necessidades do mercado, criando solu\u00e7\u00f5es que atendem aos desafios e exig\u00eancias do mundo corporativo e acad\u00eamico. Nossos cursos incluem desde forma\u00e7\u00f5es t\u00e9cnicas at\u00e9 habilidades essenciais, como lideran\u00e7a, gest\u00e3o e desenvolvimento pessoal.","email":"contato@pensarcursos.com.br","legalName":"Sena Servi\u00e7os de Informa\u00e7\u00e3o Online LTDA","foundingDate":"2013-04-18","vatID":"17956217000172","numberOfEmployees":{"@type":"QuantitativeValue","minValue":"11","maxValue":"50"},"publishingPrinciples":"https:\/\/www.pensarcursos.com.br\/blog\/principios-de-publicacao\/","ownershipFundingInfo":"https:\/\/www.pensarcursos.com.br\/blog\/informacoes-de-propriedade-financiamento\/","actionableFeedbackPolicy":"https:\/\/www.pensarcursos.com.br\/blog\/politica-de-feedback-acionavel\/","correctionsPolicy":"https:\/\/www.pensarcursos.com.br\/blog\/politica-de-correcoes\/","ethicsPolicy":"https:\/\/www.pensarcursos.com.br\/blog\/politica-de-etica\/"},{"@type":"Person","@id":"https:\/\/www.pensarcursos.com.br\/blog\/#\/schema\/person\/488f02c6a8789bf91624f246e1087f54","name":"Julia Koerich","image":{"@type":"ImageObject","inLanguage":"pt-BR","@id":"https:\/\/secure.gravatar.com\/avatar\/e2c74e498d61f83af52fb247a0fa8bf30283598a08bd3fb3137d2aed86153e19?s=96&d=mm&r=g","url":"https:\/\/secure.gravatar.com\/avatar\/e2c74e498d61f83af52fb247a0fa8bf30283598a08bd3fb3137d2aed86153e19?s=96&d=mm&r=g","contentUrl":"https:\/\/secure.gravatar.com\/avatar\/e2c74e498d61f83af52fb247a0fa8bf30283598a08bd3fb3137d2aed86153e19?s=96&d=mm&r=g","caption":"Julia Koerich"},"description":"Julia \u00e9 uma redatora de conte\u00fado criativa e vers\u00e1til, com mais de cinco anos de experi\u00eancia em escrita para blogs. Ela tem uma habilidade \u00fanica para adaptar seu estilo de escrita a diferentes p\u00fablicos e temas. Ela \u00e9 especialista em criar artigos detalhados e bem pesquisados, garantindo que cada pe\u00e7a seja informativa e atraente.","sameAs":["https:\/\/www.facebook.com\/julia.koerich.39"],"url":"https:\/\/www.pensarcursos.com.br\/blog\/author\/julia\/"}]}},"_links":{"self":[{"href":"https:\/\/www.pensarcursos.com.br\/blog\/wp-json\/wp\/v2\/posts\/106904","targetHints":{"allow":["GET"]}}],"collection":[{"href":"https:\/\/www.pensarcursos.com.br\/blog\/wp-json\/wp\/v2\/posts"}],"about":[{"href":"https:\/\/www.pensarcursos.com.br\/blog\/wp-json\/wp\/v2\/types\/post"}],"author":[{"embeddable":true,"href":"https:\/\/www.pensarcursos.com.br\/blog\/wp-json\/wp\/v2\/users\/13"}],"replies":[{"embeddable":true,"href":"https:\/\/www.pensarcursos.com.br\/blog\/wp-json\/wp\/v2\/comments?post=106904"}],"version-history":[{"count":0,"href":"https:\/\/www.pensarcursos.com.br\/blog\/wp-json\/wp\/v2\/posts\/106904\/revisions"}],"wp:featuredmedia":[{"embeddable":true,"href":"https:\/\/www.pensarcursos.com.br\/blog\/wp-json\/wp\/v2\/media\/106905"}],"wp:attachment":[{"href":"https:\/\/www.pensarcursos.com.br\/blog\/wp-json\/wp\/v2\/media?parent=106904"}],"wp:term":[{"taxonomy":"category","embeddable":true,"href":"https:\/\/www.pensarcursos.com.br\/blog\/wp-json\/wp\/v2\/categories?post=106904"},{"taxonomy":"post_tag","embeddable":true,"href":"https:\/\/www.pensarcursos.com.br\/blog\/wp-json\/wp\/v2\/tags?post=106904"}],"curies":[{"name":"wp","href":"https:\/\/api.w.org\/{rel}","templated":true}]}}