{"id":104524,"date":"2025-04-25T17:59:05","date_gmt":"2025-04-25T20:59:05","guid":{"rendered":"https:\/\/www.pensarcursos.com.br\/blog\/?p=104524"},"modified":"2025-04-25T12:02:28","modified_gmt":"2025-04-25T15:02:28","slug":"atendimento-facilitado-inss-promove-mutirao-neste-sabado-26","status":"publish","type":"post","link":"https:\/\/www.pensarcursos.com.br\/blog\/atendimento-facilitado-inss-promove-mutirao-neste-sabado-26\/","title":{"rendered":"Atendimento facilitado: INSS promove mutir\u00e3o neste s\u00e1bado, 26"},"content":{"rendered":"<p>Neste <strong>s\u00e1bado, dia 26,<\/strong> o Instituto Nacional do Seguro Social (INSS) realizar\u00e1 um <strong>mutir\u00e3o<\/strong> especial para facilitar o atendimento ao p\u00fablico. Este evento promete oferecer uma s\u00e9rie de servi\u00e7os para a popula\u00e7\u00e3o, incluindo orienta\u00e7\u00f5es sobre benef\u00edcios e a possibilidade de requerer servi\u00e7os diretamente no local. Voc\u00ea est\u00e1 preparado para aproveitar essa oportunidade? Veja a seguir tudo o que est\u00e1 por vir!<\/p>\n<h2>O que \u00e9 o mutir\u00e3o do INSS?<\/h2>\n<p>O mutir\u00e3o do <a href=\"https:\/\/www.pensarcursos.com.br\/blog\/quem-recebe-13o-salario-do-inss-tem-direito-ao-pe-de-meia-tambem\/\">INSS<\/a> \u00e9 uma iniciativa que visa desburocratizar o acesso aos servi\u00e7os previdenci\u00e1rios. Durante o evento, os cidad\u00e3os poder\u00e3o receber informa\u00e7\u00f5es sobre aposentadorias, pens\u00f5es, e outros benef\u00edcios, al\u00e9m de realizar solicita\u00e7\u00f5es de forma mais \u00e1gil. Essa \u00e9 uma oportunidade para resolver pend\u00eancias previdenci\u00e1rias de forma pr\u00e1tica, sem precisar enfrentar longos processos de agendamento.<\/p>\n<h3>Quem pode participar?<\/h3>\n<p>Todos os cidad\u00e3os que necessitam de informa\u00e7\u00f5es ou servi\u00e7os relacionados ao <a href=\"https:\/\/www.pensarcursos.com.br\/blog\/resolucao-desconto-indevido-beneficio-inss\/\">INSS<\/a> est\u00e3o convidados a participar. N\u00e3o \u00e9 necess\u00e1rio agendar hor\u00e1rio, mas \u00e9 recomend\u00e1vel que os interessados levem documentos como carteira de identidade e certid\u00f5es de nascimento ou casamento.<\/p>\n<h2>Quais servi\u00e7os estar\u00e3o dispon\u00edveis?<\/h2>\n<p>Durante o mutir\u00e3o, diversos servi\u00e7os estar\u00e3o \u00e0 disposi\u00e7\u00e3o da popula\u00e7\u00e3o. Entre eles, destacam-se:<\/p>\n<ul class=\"!whitespace-normal list-disc ml-5\">\n<li class=\"pb-1\"><strong>Orienta\u00e7\u00e3o sobre benef\u00edcios<\/strong>: Profissionais do INSS estar\u00e3o prontos para esclarecer d\u00favidas sobre aposentadorias, pens\u00f5es e outros direitos.<\/li>\n<li class=\"pb-1\"><strong>Requerimento de benef\u00edcios<\/strong>: Os cidad\u00e3os poder\u00e3o solicitar benef\u00edcios diretamente no local, tornando o processo mais r\u00e1pido.<\/li>\n<li class=\"pb-1\"><strong>Atendimento a casos espec\u00edficos<\/strong>: Se voc\u00ea tem uma situa\u00e7\u00e3o particular, como revis\u00e3o de benef\u00edcios, este \u00e9 o momento ideal para buscar ajuda.<\/li>\n<\/ul>\n<h2>Parcerias que fazem a diferen\u00e7a<\/h2>\n<p>Al\u00e9m do INSS, outras institui\u00e7\u00f5es tamb\u00e9m estar\u00e3o presentes para oferecer suporte \u00e0 popula\u00e7\u00e3o. A Defensoria P\u00fablica, o Procon e o Cart\u00f3rio de Registro Civil s\u00e3o alguns dos parceiros que contribuir\u00e3o para um atendimento mais completo.<\/p>\n<h2>Local e hor\u00e1rio do mutir\u00e3o INSS<\/h2>\n<p>O mutir\u00e3o acontecer\u00e1 no Col\u00e9gio Estadual H\u00e9lio Roriz, localizado no bairro Jardim Ing\u00e1, em Luzi\u00e2nia (GO). O atendimento ser\u00e1 realizado das 8h \u00e0s 17h. \u00c9 uma excelente oportunidade para quem precisa de assist\u00eancia, n\u00e3o \u00e9 mesmo?<\/p>\n<p>O atendimento do INSS faz parte do projeto &#8220;Mais Justi\u00e7a&#8221;. O Tribunal de Justi\u00e7a do Estado de Goi\u00e1s (TJGO) espera que o programa Mais Justi\u00e7a atraia cerca de 1,5 mil participantes. Veja um resumo das principais informa\u00e7\u00f5es:<\/p>\n<article class=\"text-token-text-primary w-full\" dir=\"auto\" data-testid=\"conversation-turn-10\" data-scroll-anchor=\"true\">\n<div class=\"text-base my-auto mx-auto py-5 [--thread-content-margin:--spacing(4)] @[37rem]:[--thread-content-margin:--spacing(6)] @[70rem]:[--thread-content-margin:--spacing(12)] px-(--thread-content-margin)\">\n<div class=\"[--thread-content-max-width:32rem] @[34rem]:[--thread-content-max-width:40rem] @[64rem]:[--thread-content-max-width:48rem] mx-auto flex max-w-(--thread-content-max-width) flex-1 text-base gap-4 md:gap-5 lg:gap-6 group\/turn-messages focus-visible:outline-hidden\" tabindex=\"-1\">\n<div class=\"group\/conversation-turn relative flex w-full min-w-0 flex-col agent-turn\">\n<div class=\"relative flex-col gap-1 md:gap-3\">\n<div class=\"flex max-w-full flex-col grow\">\n<div class=\"min-h-8 text-message relative flex w-full flex-col items-end gap-2 text-start break-words whitespace-normal [.text-message+&amp;]:mt-5\" dir=\"auto\" data-message-author-role=\"assistant\" data-message-id=\"b404f3a0-84db-4201-9503-44d2a532f179\" data-message-model-slug=\"gpt-4o-mini\">\n<div class=\"flex w-full flex-col gap-1 empty:hidden first:pt-[3px]\">\n<div class=\"markdown prose dark:prose-invert w-full break-words light\">\n<ul>\n<li data-start=\"0\" data-end=\"20\">Projeto Mais Justi\u00e7a<\/li>\n<li data-start=\"22\" data-end=\"92\">Local: Col\u00e9gio Estadual H\u00e9lio Roriz, bairro Jardim Ing\u00e1, Luzi\u00e2nia, Goi\u00e1s (GO)<\/li>\n<li data-start=\"94\" data-end=\"143\">Data\/Hor\u00e1rio: 26 de abril de 2025, das 8h \u00e0s 17h.<\/li>\n<\/ul>\n<figure id=\"attachment_104534\" aria-describedby=\"caption-attachment-104534\" style=\"width: 861px\" class=\"wp-caption aligncenter\"><img decoding=\"async\" class=\"wp-image-104534 \" title=\"Mais Justi\u00e7a: Projeto leva atendimento do INSS a Luzi\u00e2nia.\" src=\"https:\/\/www.pensarcursos.com.br\/blog\/wp-content\/uploads\/2025\/04\/mais_justica_compressed.webp\" alt=\": &quot;Cartaz do projeto Mais Justi\u00e7a, destacando o local, data e informa\u00e7\u00f5es do evento em Luzi\u00e2nia.\" width=\"861\" height=\"1078\" srcset=\"https:\/\/www.pensarcursos.com.br\/blog\/wp-content\/uploads\/2025\/04\/mais_justica_compressed.webp 1200w, https:\/\/www.pensarcursos.com.br\/blog\/wp-content\/uploads\/2025\/04\/mais_justica_compressed-240x300.webp 240w, https:\/\/www.pensarcursos.com.br\/blog\/wp-content\/uploads\/2025\/04\/mais_justica_compressed-818x1024.webp 818w, https:\/\/www.pensarcursos.com.br\/blog\/wp-content\/uploads\/2025\/04\/mais_justica_compressed-768x961.webp 768w\" sizes=\"(max-width: 861px) 100vw, 861px\" \/><figcaption id=\"caption-attachment-104534\" class=\"wp-caption-text\">Evento Mais Justi\u00e7a, destacando os detalhes sobre o atendimento do INSS em Luzi\u00e2nia, com data e local do mutir\u00e3o. Imagem: TJGO<\/figcaption><\/figure>\n<p>Para mais informa\u00e7\u00f5es, acesse o Site do <a href=\"https:\/\/www.gov.br\/inss\/pt-br\/noticias\/inss-participa-de-mutirao-em-luziania-no-proximo-sabado-26\" target=\"_blank\" rel=\"noopener\">INSS<\/a>.<\/p>\n<\/div>\n<\/div>\n<\/div>\n<\/div>\n<\/div>\n<\/div>\n<\/div>\n<\/div>\n<\/article>\n<h2>Como se preparar para o mutir\u00e3o?<\/h2>\n<p>Para garantir que voc\u00ea aproveite ao m\u00e1ximo o <a href=\"https:\/\/www.pensarcursos.com.br\/blog\/mutirao-da-nova-carteira-de-identidade-deve-atender-ate-500-pessoas-neste-sabado-26\/\">mutir\u00e3o<\/a>, aqui est\u00e3o algumas dicas:<\/p>\n<ol class=\"!whitespace-normal list-decimal ml-5\">\n<li class=\"pb-1\"><strong>Documenta\u00e7\u00e3o<\/strong>: Leve todos os documentos necess\u00e1rios, como identidade e certid\u00f5es.<\/li>\n<li class=\"pb-1\"><strong>Chegue cedo<\/strong>: O evento come\u00e7a \u00e0s 8h, mas quanto mais cedo voc\u00ea chegar, melhor ser\u00e1 o atendimento.<\/li>\n<li class=\"pb-1\"><strong>Prepare suas perguntas<\/strong>: Pense nas d\u00favidas que voc\u00ea gostaria de esclarecer e anote-as para n\u00e3o esquecer.<\/li>\n<\/ol>\n<h2>O que esperar do atendimento?<\/h2>\n<p>Os servidores do INSS estar\u00e3o preparados para oferecer um atendimento humanizado e eficiente. Voc\u00ea pode esperar um ambiente acolhedor, onde suas d\u00favidas ser\u00e3o ouvidas e respondidas com aten\u00e7\u00e3o. J\u00e1 imaginou como seria sair de l\u00e1 com suas quest\u00f5es resolvidas?<\/p>\n<p>Participar do mutir\u00e3o \u00e9 uma chance \u00fanica de obter esclarecimentos e resolver quest\u00f5es previdenci\u00e1rias de forma r\u00e1pida e eficiente. N\u00e3o perca essa oportunidade de acesso facilitado aos servi\u00e7os do INSS.<\/p>\n","protected":false},"excerpt":{"rendered":"<p>Neste s\u00e1bado, dia 26, o Instituto Nacional do Seguro Social (INSS) realizar\u00e1 um mutir\u00e3o especial para facilitar o atendimento ao p\u00fablico. Este evento promete oferecer uma s\u00e9rie de servi\u00e7os para a popula\u00e7\u00e3o, incluindo orienta\u00e7\u00f5es sobre benef\u00edcios e a possibilidade de requerer servi\u00e7os diretamente no local. Voc\u00ea est\u00e1 preparado para aproveitar essa oportunidade? Veja a seguir [&hellip;]<\/p>\n","protected":false},"author":17,"featured_media":104531,"comment_status":"open","ping_status":"closed","sticky":false,"template":"","format":"standard","meta":{"jnews-multi-image_gallery":[],"jnews_single_post":[],"jnews_primary_category":[],"jnews_social_meta":[],"jnews_override_counter":[],"footnotes":""},"categories":[1691],"tags":[27302,3083,522,28108,28106,28107],"class_list":["post-104524","post","type-post","status-publish","format-standard","has-post-thumbnail","hentry","category-direitos-do-trabalhador","tag-atendimento-inss","tag-beneficios-inss","tag-cidadania","tag-luziania","tag-mutirao-inss","tag-servicos-previdenciarios"],"yoast_head":"<!-- This site is optimized with the Yoast SEO Premium plugin v27.5 (Yoast SEO v27.5) - https:\/\/yoast.com\/product\/yoast-seo-premium-wordpress\/ -->\n<title>Atendimento facilitado: INSS promove mutir\u00e3o neste s\u00e1bado, 26 - Blog Pensar Cursos<\/title>\n<meta name=\"description\" content=\"Neste s\u00e1bado, dia 26, o Instituto Nacional do Seguro Social (INSS) realizar\u00e1 um mutir\u00e3o especial para facilitar o atendimento ao p\u00fablico. Este evento\" \/>\n<meta name=\"robots\" content=\"index, follow, max-snippet:-1, max-image-preview:large, max-video-preview:-1\" \/>\n<link rel=\"canonical\" href=\"https:\/\/www.pensarcursos.com.br\/blog\/atendimento-facilitado-inss-promove-mutirao-neste-sabado-26\/\" \/>\n<meta property=\"og:locale\" content=\"pt_BR\" \/>\n<meta property=\"og:type\" content=\"article\" \/>\n<meta property=\"og:title\" content=\"Atendimento facilitado: INSS promove mutir\u00e3o neste s\u00e1bado, 26\" \/>\n<meta property=\"og:description\" content=\"Neste s\u00e1bado, dia 26, o Instituto Nacional do Seguro Social (INSS) realizar\u00e1 um mutir\u00e3o especial para facilitar o atendimento ao p\u00fablico. Este evento\" \/>\n<meta property=\"og:url\" content=\"https:\/\/www.pensarcursos.com.br\/blog\/atendimento-facilitado-inss-promove-mutirao-neste-sabado-26\/\" \/>\n<meta property=\"og:site_name\" content=\"Blog Pensar Cursos\" \/>\n<meta property=\"article:publisher\" content=\"https:\/\/www.facebook.com\/pensarcursos\/\" \/>\n<meta property=\"article:author\" content=\"https:\/\/www.facebook.com\/profile.php?id=61550018262414\" \/>\n<meta property=\"article:published_time\" content=\"2025-04-25T20:59:05+00:00\" \/>\n<meta property=\"og:image\" content=\"https:\/\/www.pensarcursos.com.br\/blog\/wp-content\/uploads\/2025\/04\/inss_compressed-1.webp\" \/>\n\t<meta property=\"og:image:width\" content=\"1404\" \/>\n\t<meta property=\"og:image:height\" content=\"840\" \/>\n\t<meta property=\"og:image:type\" content=\"image\/webp\" \/>\n<meta name=\"author\" content=\"Gorete Costa\" \/>\n<meta name=\"twitter:card\" content=\"summary_large_image\" \/>\n<meta name=\"twitter:label1\" content=\"Escrito por\" \/>\n\t<meta name=\"twitter:data1\" content=\"Gorete Costa\" \/>\n\t<meta name=\"twitter:label2\" content=\"Est. tempo de leitura\" \/>\n\t<meta name=\"twitter:data2\" content=\"3 minutos\" \/>\n<!-- \/ Yoast SEO Premium plugin. -->","yoast_head_json":{"title":"Atendimento facilitado: INSS promove mutir\u00e3o neste s\u00e1bado, 26 - Blog Pensar Cursos","description":"Neste s\u00e1bado, dia 26, o Instituto Nacional do Seguro Social (INSS) realizar\u00e1 um mutir\u00e3o especial para facilitar o atendimento ao p\u00fablico. Este evento","robots":{"index":"index","follow":"follow","max-snippet":"max-snippet:-1","max-image-preview":"max-image-preview:large","max-video-preview":"max-video-preview:-1"},"canonical":"https:\/\/www.pensarcursos.com.br\/blog\/atendimento-facilitado-inss-promove-mutirao-neste-sabado-26\/","og_locale":"pt_BR","og_type":"article","og_title":"Atendimento facilitado: INSS promove mutir\u00e3o neste s\u00e1bado, 26","og_description":"Neste s\u00e1bado, dia 26, o Instituto Nacional do Seguro Social (INSS) realizar\u00e1 um mutir\u00e3o especial para facilitar o atendimento ao p\u00fablico. Este evento","og_url":"https:\/\/www.pensarcursos.com.br\/blog\/atendimento-facilitado-inss-promove-mutirao-neste-sabado-26\/","og_site_name":"Blog Pensar Cursos","article_publisher":"https:\/\/www.facebook.com\/pensarcursos\/","article_author":"https:\/\/www.facebook.com\/profile.php?id=61550018262414","article_published_time":"2025-04-25T20:59:05+00:00","og_image":[{"width":1404,"height":840,"url":"https:\/\/www.pensarcursos.com.br\/blog\/wp-content\/uploads\/2025\/04\/inss_compressed-1.webp","type":"image\/webp"}],"author":"Gorete Costa","twitter_card":"summary_large_image","twitter_misc":{"Escrito por":"Gorete Costa","Est. tempo de leitura":"3 minutos"},"schema":{"@context":"https:\/\/schema.org","@graph":[{"@type":["Article","BlogPosting"],"@id":"https:\/\/www.pensarcursos.com.br\/blog\/atendimento-facilitado-inss-promove-mutirao-neste-sabado-26\/#article","isPartOf":{"@id":"https:\/\/www.pensarcursos.com.br\/blog\/atendimento-facilitado-inss-promove-mutirao-neste-sabado-26\/"},"author":{"name":"Gorete Costa","@id":"https:\/\/www.pensarcursos.com.br\/blog\/#\/schema\/person\/e133b19d62595d6ab0c12f3e5436a7bb"},"headline":"Atendimento facilitado: INSS promove mutir\u00e3o neste s\u00e1bado, 26","datePublished":"2025-04-25T20:59:05+00:00","mainEntityOfPage":{"@id":"https:\/\/www.pensarcursos.com.br\/blog\/atendimento-facilitado-inss-promove-mutirao-neste-sabado-26\/"},"wordCount":655,"commentCount":0,"publisher":{"@id":"https:\/\/www.pensarcursos.com.br\/blog\/#organization"},"image":{"@id":"https:\/\/www.pensarcursos.com.br\/blog\/atendimento-facilitado-inss-promove-mutirao-neste-sabado-26\/#primaryimage"},"thumbnailUrl":"https:\/\/www.pensarcursos.com.br\/blog\/wp-content\/uploads\/2025\/04\/inss_compressed-1.webp","keywords":["atendimento INSS","benef\u00edcios inss","Cidadania","luzi\u00e2nia","mutir\u00e3o inss","servi\u00e7os previdenci\u00e1rios"],"articleSection":["Direitos do Trabalhador"],"inLanguage":"pt-BR","potentialAction":[{"@type":"CommentAction","name":"Comment","target":["https:\/\/www.pensarcursos.com.br\/blog\/atendimento-facilitado-inss-promove-mutirao-neste-sabado-26\/#respond"]}],"copyrightYear":"2025","copyrightHolder":{"@id":"https:\/\/www.pensarcursos.com.br\/blog\/#organization"}},{"@type":"WebPage","@id":"https:\/\/www.pensarcursos.com.br\/blog\/atendimento-facilitado-inss-promove-mutirao-neste-sabado-26\/","url":"https:\/\/www.pensarcursos.com.br\/blog\/atendimento-facilitado-inss-promove-mutirao-neste-sabado-26\/","name":"Atendimento facilitado: INSS promove mutir\u00e3o neste s\u00e1bado, 26 - Blog Pensar Cursos","isPartOf":{"@id":"https:\/\/www.pensarcursos.com.br\/blog\/#website"},"primaryImageOfPage":{"@id":"https:\/\/www.pensarcursos.com.br\/blog\/atendimento-facilitado-inss-promove-mutirao-neste-sabado-26\/#primaryimage"},"image":{"@id":"https:\/\/www.pensarcursos.com.br\/blog\/atendimento-facilitado-inss-promove-mutirao-neste-sabado-26\/#primaryimage"},"thumbnailUrl":"https:\/\/www.pensarcursos.com.br\/blog\/wp-content\/uploads\/2025\/04\/inss_compressed-1.webp","datePublished":"2025-04-25T20:59:05+00:00","description":"Neste s\u00e1bado, dia 26, o Instituto Nacional do Seguro Social (INSS) realizar\u00e1 um mutir\u00e3o especial para facilitar o atendimento ao p\u00fablico. Este evento","breadcrumb":{"@id":"https:\/\/www.pensarcursos.com.br\/blog\/atendimento-facilitado-inss-promove-mutirao-neste-sabado-26\/#breadcrumb"},"inLanguage":"pt-BR","potentialAction":[{"@type":"ReadAction","target":["https:\/\/www.pensarcursos.com.br\/blog\/atendimento-facilitado-inss-promove-mutirao-neste-sabado-26\/"]}]},{"@type":"ImageObject","inLanguage":"pt-BR","@id":"https:\/\/www.pensarcursos.com.br\/blog\/atendimento-facilitado-inss-promove-mutirao-neste-sabado-26\/#primaryimage","url":"https:\/\/www.pensarcursos.com.br\/blog\/wp-content\/uploads\/2025\/04\/inss_compressed-1.webp","contentUrl":"https:\/\/www.pensarcursos.com.br\/blog\/wp-content\/uploads\/2025\/04\/inss_compressed-1.webp","width":1404,"height":840,"caption":"Para participar do mutir\u00e3o, n\u00e3o \u00e9 necess\u00e1rio agendar atendimento. Imagem: Ag\u00eancia Brasil"},{"@type":"BreadcrumbList","@id":"https:\/\/www.pensarcursos.com.br\/blog\/atendimento-facilitado-inss-promove-mutirao-neste-sabado-26\/#breadcrumb","itemListElement":[{"@type":"ListItem","position":1,"name":"Home","item":"https:\/\/www.pensarcursos.com.br\/blog\/"},{"@type":"ListItem","position":2,"name":"Atendimento facilitado: INSS promove mutir\u00e3o neste s\u00e1bado, 26"}]},{"@type":"WebSite","@id":"https:\/\/www.pensarcursos.com.br\/blog\/#website","url":"https:\/\/www.pensarcursos.com.br\/blog\/","name":"Blog Pensar Cursos","description":"Maior Site de Cursos do Brasil","publisher":{"@id":"https:\/\/www.pensarcursos.com.br\/blog\/#organization"},"alternateName":"Blog Pensar","potentialAction":[{"@type":"SearchAction","target":{"@type":"EntryPoint","urlTemplate":"https:\/\/www.pensarcursos.com.br\/blog\/?s={search_term_string}"},"query-input":{"@type":"PropertyValueSpecification","valueRequired":true,"valueName":"search_term_string"}}],"inLanguage":"pt-BR"},{"@type":"Organization","@id":"https:\/\/www.pensarcursos.com.br\/blog\/#organization","name":"Pensar Cursos","alternateName":"Blog pensar","url":"https:\/\/www.pensarcursos.com.br\/blog\/","logo":{"@type":"ImageObject","inLanguage":"pt-BR","@id":"https:\/\/www.pensarcursos.com.br\/blog\/#\/schema\/logo\/image\/","url":"https:\/\/www.pensarcursos.com.br\/blog\/wp-content\/uploads\/2023\/11\/Nova-Logo-Pensar-Cursos-vertical.png","contentUrl":"https:\/\/www.pensarcursos.com.br\/blog\/wp-content\/uploads\/2023\/11\/Nova-Logo-Pensar-Cursos-vertical.png","width":1393,"height":1001,"caption":"Pensar Cursos"},"image":{"@id":"https:\/\/www.pensarcursos.com.br\/blog\/#\/schema\/logo\/image\/"},"sameAs":["https:\/\/www.facebook.com\/pensarcursos\/","https:\/\/instagram.com.br\/pensarcursos"],"description":"Pensar Cursos \u00e9 uma empresa especializada em oferecer cursos de alta qualidade voltados para o desenvolvimento profissional e acad\u00eamico. Com uma ampla gama de op\u00e7\u00f5es de treinamento, oferecemos conte\u00fados atualizados, ministrados por especialistas da \u00e1rea, para capacitar indiv\u00edduos e equipes a atingirem seus objetivos. Nossa miss\u00e3o \u00e9 proporcionar uma educa\u00e7\u00e3o transformadora, acess\u00edvel e personalizada para cada aluno, seja em cursos presenciais ou online. Com uma abordagem inovadora, buscamos adaptar os nossos programas de ensino \u00e0s necessidades do mercado, criando solu\u00e7\u00f5es que atendem aos desafios e exig\u00eancias do mundo corporativo e acad\u00eamico. Nossos cursos incluem desde forma\u00e7\u00f5es t\u00e9cnicas at\u00e9 habilidades essenciais, como lideran\u00e7a, gest\u00e3o e desenvolvimento pessoal.","email":"contato@pensarcursos.com.br","legalName":"Sena Servi\u00e7os de Informa\u00e7\u00e3o Online LTDA","foundingDate":"2013-04-18","vatID":"17956217000172","numberOfEmployees":{"@type":"QuantitativeValue","minValue":"11","maxValue":"50"},"publishingPrinciples":"https:\/\/www.pensarcursos.com.br\/blog\/principios-de-publicacao\/","ownershipFundingInfo":"https:\/\/www.pensarcursos.com.br\/blog\/informacoes-de-propriedade-financiamento\/","actionableFeedbackPolicy":"https:\/\/www.pensarcursos.com.br\/blog\/politica-de-feedback-acionavel\/","correctionsPolicy":"https:\/\/www.pensarcursos.com.br\/blog\/politica-de-correcoes\/","ethicsPolicy":"https:\/\/www.pensarcursos.com.br\/blog\/politica-de-etica\/"},{"@type":"Person","@id":"https:\/\/www.pensarcursos.com.br\/blog\/#\/schema\/person\/e133b19d62595d6ab0c12f3e5436a7bb","name":"Gorete Costa","image":{"@type":"ImageObject","inLanguage":"pt-BR","@id":"https:\/\/secure.gravatar.com\/avatar\/8cb99f142e1cb1312d8c202378c20dc4f7210145acc22805481f4a3f47ce9b6f?s=96&d=mm&r=g","url":"https:\/\/secure.gravatar.com\/avatar\/8cb99f142e1cb1312d8c202378c20dc4f7210145acc22805481f4a3f47ce9b6f?s=96&d=mm&r=g","contentUrl":"https:\/\/secure.gravatar.com\/avatar\/8cb99f142e1cb1312d8c202378c20dc4f7210145acc22805481f4a3f47ce9b6f?s=96&d=mm&r=g","caption":"Gorete Costa"},"description":"Graduada em Servi\u00e7o Social pela Universidade do Norte do Paran\u00e1 (Unopar), Gorete Costa \u00e9 especialista em comunica\u00e7\u00e3o, atuando como radialista em programas jornal\u00edsticos e de entretenimento, al\u00e9m de produ\u00e7\u00e3o e revis\u00e3o de textos informativos para sites e blogs.","sameAs":["https:\/\/www.facebook.com\/profile.php?id=61550018262414"],"url":"https:\/\/www.pensarcursos.com.br\/blog\/author\/gorete\/"}]}},"_links":{"self":[{"href":"https:\/\/www.pensarcursos.com.br\/blog\/wp-json\/wp\/v2\/posts\/104524","targetHints":{"allow":["GET"]}}],"collection":[{"href":"https:\/\/www.pensarcursos.com.br\/blog\/wp-json\/wp\/v2\/posts"}],"about":[{"href":"https:\/\/www.pensarcursos.com.br\/blog\/wp-json\/wp\/v2\/types\/post"}],"author":[{"embeddable":true,"href":"https:\/\/www.pensarcursos.com.br\/blog\/wp-json\/wp\/v2\/users\/17"}],"replies":[{"embeddable":true,"href":"https:\/\/www.pensarcursos.com.br\/blog\/wp-json\/wp\/v2\/comments?post=104524"}],"version-history":[{"count":0,"href":"https:\/\/www.pensarcursos.com.br\/blog\/wp-json\/wp\/v2\/posts\/104524\/revisions"}],"wp:featuredmedia":[{"embeddable":true,"href":"https:\/\/www.pensarcursos.com.br\/blog\/wp-json\/wp\/v2\/media\/104531"}],"wp:attachment":[{"href":"https:\/\/www.pensarcursos.com.br\/blog\/wp-json\/wp\/v2\/media?parent=104524"}],"wp:term":[{"taxonomy":"category","embeddable":true,"href":"https:\/\/www.pensarcursos.com.br\/blog\/wp-json\/wp\/v2\/categories?post=104524"},{"taxonomy":"post_tag","embeddable":true,"href":"https:\/\/www.pensarcursos.com.br\/blog\/wp-json\/wp\/v2\/tags?post=104524"}],"curies":[{"name":"wp","href":"https:\/\/api.w.org\/{rel}","templated":true}]}}